{"id":4833,"date":"2026-01-01T19:51:27","date_gmt":"2026-01-01T19:51:27","guid":{"rendered":"https:\/\/www.camping-laplage.com\/die-gaerten-des-manoir-deyrignac-in-salignac-eyvigues\/"},"modified":"2026-04-28T10:13:40","modified_gmt":"2026-04-28T10:13:40","slug":"die-gaerten-des-manoir-deyrignac-in-salignac-eyvigues","status":"publish","type":"post","link":"https:\/\/www.camping-laplage.com\/de\/die-gaerten-des-manoir-deyrignac-in-salignac-eyvigues\/","title":{"rendered":"Die G\u00e4rten des Manoir d\u2019Eyrignac in Salignac-Eyvigues"},"content":{"rendered":"\t\t<div data-elementor-type=\"wp-page\" data-elementor-id=\"4833\" class=\"elementor elementor-4833 elementor-1717\" data-elementor-post-type=\"post\">\n\t\t\t\t<div class=\"elementor-element elementor-element-522b8da e-flex e-con-boxed e-con e-parent\" data-id=\"522b8da\" data-element_type=\"container\" data-e-type=\"container\" data-settings=\"{&quot;background_background&quot;:&quot;classic&quot;}\">\n\t\t\t\t\t<div class=\"e-con-inner\">\n\t\t\t\t<div class=\"elementor-element elementor-element-e6bcc94 elementor-widget elementor-widget-heading\" data-id=\"e6bcc94\" data-element_type=\"widget\" data-e-type=\"widget\" data-widget_type=\"heading.default\">\n\t\t\t\t<div class=\"elementor-widget-container\">\n\t\t\t\t\t<h1 class=\"elementor-heading-title elementor-size-default\">Eyrignac und seine G\u00e4rten in Salignac-Eyvigues<\/h1>\t\t\t\t<\/div>\n\t\t\t\t<\/div>\n\t\t\t\t<div class=\"elementor-element elementor-element-7d8d95b elementor-widget elementor-widget-heading\" data-id=\"7d8d95b\" data-element_type=\"widget\" data-e-type=\"widget\" data-widget_type=\"heading.default\">\n\t\t\t\t<div class=\"elementor-widget-container\">\n\t\t\t\t\t<h2 class=\"elementor-heading-title elementor-size-default\">In der N\u00e4he des Camping La Plage in Meyronne<\/h2>\t\t\t\t<\/div>\n\t\t\t\t<\/div>\n\t\t\t\t\t<\/div>\n\t\t\t\t<\/div>\n\t\t<div class=\"elementor-element elementor-element-ac68f3b e-con-full e-flex e-con e-parent\" data-id=\"ac68f3b\" data-element_type=\"container\" data-e-type=\"container\">\n\t\t\t\t<div class=\"elementor-element elementor-element-4b9cd8d elementor-widget elementor-widget-shortcode\" data-id=\"4b9cd8d\" data-element_type=\"widget\" data-e-type=\"widget\" data-widget_type=\"shortcode.default\">\n\t\t\t\t<div class=\"elementor-widget-container\">\n\t\t\t\t\t\t\t<div class=\"elementor-shortcode\">\t\t<div data-elementor-type=\"section\" data-elementor-id=\"4192\" class=\"elementor elementor-4192 elementor-53 elementor-53\" data-elementor-post-type=\"elementor_library\">\n\t\t\t<div class=\"elementor-element elementor-element-081a621 e-flex e-con-boxed e-con e-parent\" data-id=\"081a621\" data-element_type=\"container\" data-e-type=\"container\" data-settings=\"{&quot;background_background&quot;:&quot;classic&quot;}\">\n\t\t\t\t\t<div class=\"e-con-inner\">\n\t\t\t\t<div class=\"elementor-element elementor-element-59ef112 elementor-widget elementor-widget-html\" data-id=\"59ef112\" data-element_type=\"widget\" data-e-type=\"widget\" data-widget_type=\"html.default\">\n\t\t\t\t<div class=\"elementor-widget-container\">\n\t\t\t\t\t<ctv-searchbar><\/ctv-searchbar><\/ctv-searchbar>\t\t\t\t<\/div>\n\t\t\t\t<\/div>\n\t\t\t\t\t<\/div>\n\t\t\t\t<\/div>\n\t\t\t\t<\/div>\n\t\t<\/div>\n\t\t\t\t\t\t<\/div>\n\t\t\t\t<\/div>\n\t\t\t\t<\/div>\n\t\t<div class=\"elementor-element elementor-element-4220ee8 e-flex e-con-boxed e-con e-parent\" data-id=\"4220ee8\" data-element_type=\"container\" data-e-type=\"container\" data-settings=\"{&quot;background_background&quot;:&quot;classic&quot;}\">\n\t\t\t\t\t<div class=\"e-con-inner\">\n\t\t\t\t<div class=\"elementor-element elementor-element-3caaa4f elementor-invisible elementor-widget elementor-widget-heading\" data-id=\"3caaa4f\" data-element_type=\"widget\" data-e-type=\"widget\" data-settings=\"{&quot;_animation&quot;:&quot;fadeIn&quot;}\" data-widget_type=\"heading.default\">\n\t\t\t\t<div class=\"elementor-widget-container\">\n\t\t\t\t\t<p class=\"elementor-heading-title elementor-size-default\">Eyrignac und seine G\u00e4rten in Salignac-Eyvigues<\/p>\t\t\t\t<\/div>\n\t\t\t\t<\/div>\n\t\t\t\t<div class=\"elementor-element elementor-element-3a9e7ee elementor-invisible elementor-widget elementor-widget-heading\" data-id=\"3a9e7ee\" data-element_type=\"widget\" data-e-type=\"widget\" data-settings=\"{&quot;_animation&quot;:&quot;fadeIn&quot;}\" data-widget_type=\"heading.default\">\n\t\t\t\t<div class=\"elementor-widget-container\">\n\t\t\t\t\t<h2 class=\"elementor-heading-title elementor-size-default\">weniger als eine Stunde vom Camping La Plage in Meyronne entfernt<\/h2>\t\t\t\t<\/div>\n\t\t\t\t<\/div>\n\t\t\t\t<div class=\"elementor-element elementor-element-052db08 elementor-invisible elementor-widget elementor-widget-image\" data-id=\"052db08\" data-element_type=\"widget\" data-e-type=\"widget\" data-settings=\"{&quot;_animation&quot;:&quot;fadeIn&quot;}\" data-widget_type=\"image.default\">\n\t\t\t\t<div class=\"elementor-widget-container\">\n\t\t\t\t\t\t\t\t\t\t\t\t\t\t\t<img fetchpriority=\"high\" decoding=\"async\" width=\"500\" height=\"500\" src=\"https:\/\/www.camping-laplage.com\/wp-content\/uploads\/2025\/04\/Camping-de-la-plage-dans-le-lot-et-la-vallee-de-dordogne-ornementation-doree.svg\" class=\"attachment-large size-large wp-image-3195\" alt=\"\" \/>\t\t\t\t\t\t\t\t\t\t\t\t\t\t\t<\/div>\n\t\t\t\t<\/div>\n\t\t<div class=\"elementor-element elementor-element-3c75a2e e-con-full e-flex e-con e-child\" data-id=\"3c75a2e\" data-element_type=\"container\" data-e-type=\"container\">\n\t\t<div class=\"elementor-element elementor-element-3cfcd80 e-con-full e-flex elementor-invisible e-con e-child\" data-id=\"3cfcd80\" data-element_type=\"container\" data-e-type=\"container\" data-settings=\"{&quot;animation&quot;:&quot;fadeInLeft&quot;}\">\n\t\t\t\t<div class=\"elementor-element elementor-element-2ce1ea2 elementor-widget elementor-widget-text-editor\" data-id=\"2ce1ea2\" data-element_type=\"widget\" data-e-type=\"widget\" data-widget_type=\"text-editor.default\">\n\t\t\t\t<div class=\"elementor-widget-container\">\n\t\t\t\t\t\t\t\t\t<p><strong data-start=\"76\" data-end=\"102\">30 km (ca. 40 Min.)<\/strong> vom Camping La Plage in Meyronne entfernt, ist <strong data-start=\"135\" data-end=\"162\">Eyrignac und seine G\u00e4rten<\/strong> (in Salignac-Eyvigues) einer der symboltr\u00e4chtigsten Orte des <strong data-start=\"230\" data-end=\"247\">P\u00e9rigord Noir<\/strong>. Man besucht ihn wegen der Eleganz eines gro\u00dfen franz\u00f6sischen Gartens \u2026 und um die handgeschnittenen <strong data-start=\"343\" data-end=\"367\">Pflanzenskulpturen<\/strong> zu bewundern. <\/p><p>Der Besuch erfolgt als <strong data-start=\"410\" data-end=\"426\">freier Rundgang<\/strong> ohne Reservierung an einem Ort, der wie geschaffen f\u00fcr Kontemplation und Fotografie ist.<\/p>\t\t\t\t\t\t\t\t<\/div>\n\t\t\t\t<\/div>\n\t\t\t\t<div class=\"elementor-element elementor-element-70af296 elementor-align-left elementor-widget elementor-widget-button\" data-id=\"70af296\" data-element_type=\"widget\" data-e-type=\"widget\" data-widget_type=\"button.default\">\n\t\t\t\t<div class=\"elementor-widget-container\">\n\t\t\t\t\t\t\t\t\t<div class=\"elementor-button-wrapper\">\n\t\t\t\t\t<a class=\"elementor-button elementor-button-link elementor-size-sm\" href=\"https:\/\/www.eyrignac.com\/\" target=\"_blank\">\n\t\t\t\t\t\t<span class=\"elementor-button-content-wrapper\">\n\t\t\t\t\t\t\t\t\t<span class=\"elementor-button-text\">Website ansehen<\/span>\n\t\t\t\t\t<\/span>\n\t\t\t\t\t<\/a>\n\t\t\t\t<\/div>\n\t\t\t\t\t\t\t\t<\/div>\n\t\t\t\t<\/div>\n\t\t\t\t<\/div>\n\t\t<div class=\"elementor-element elementor-element-6ba313e e-con-full e-flex elementor-invisible e-con e-child\" data-id=\"6ba313e\" data-element_type=\"container\" data-e-type=\"container\" data-settings=\"{&quot;animation&quot;:&quot;fadeInRight&quot;}\">\n\t\t\t\t<div class=\"elementor-element elementor-element-946b08e elementor-widget elementor-widget-image\" data-id=\"946b08e\" data-element_type=\"widget\" data-e-type=\"widget\" data-widget_type=\"image.default\">\n\t\t\t\t<div class=\"elementor-widget-container\">\n\t\t\t\t\t\t\t\t\t\t\t\t\t\t\t<img decoding=\"async\" width=\"800\" height=\"533\" src=\"https:\/\/www.camping-laplage.com\/wp-content\/uploads\/2026\/01\/Camping-au-bord-de-la-Dordogne-dans-le-Lot-Camping-La-Plage-a-Meyronne-Eyrignac-et-ses-Jardins-a-Salignac-Eyvigues-4.jpg\" class=\"attachment-large size-large wp-image-4837\" alt=\"\" srcset=\"https:\/\/www.camping-laplage.com\/wp-content\/uploads\/2026\/01\/Camping-au-bord-de-la-Dordogne-dans-le-Lot-Camping-La-Plage-a-Meyronne-Eyrignac-et-ses-Jardins-a-Salignac-Eyvigues-4.jpg 900w, https:\/\/www.camping-laplage.com\/wp-content\/uploads\/2026\/01\/Camping-au-bord-de-la-Dordogne-dans-le-Lot-Camping-La-Plage-a-Meyronne-Eyrignac-et-ses-Jardins-a-Salignac-Eyvigues-4-300x200.jpg 300w, https:\/\/www.camping-laplage.com\/wp-content\/uploads\/2026\/01\/Camping-au-bord-de-la-Dordogne-dans-le-Lot-Camping-La-Plage-a-Meyronne-Eyrignac-et-ses-Jardins-a-Salignac-Eyvigues-4-768x512.jpg 768w\" sizes=\"(max-width: 800px) 100vw, 800px\" \/>\t\t\t\t\t\t\t\t\t\t\t\t\t\t\t<\/div>\n\t\t\t\t<\/div>\n\t\t\t\t<\/div>\n\t\t\t\t<\/div>\n\t\t\t\t\t<\/div>\n\t\t\t\t<\/div>\n\t\t<div class=\"elementor-element elementor-element-76a30c5 e-con-full e-flex e-con e-parent\" data-id=\"76a30c5\" data-element_type=\"container\" data-e-type=\"container\" data-settings=\"{&quot;background_background&quot;:&quot;classic&quot;}\">\n\t\t<div class=\"elementor-element elementor-element-73c2474 e-con-full e-flex elementor-invisible e-con e-child\" data-id=\"73c2474\" data-element_type=\"container\" data-e-type=\"container\" data-settings=\"{&quot;animation&quot;:&quot;fadeInLeft&quot;}\">\n\t\t\t\t<div class=\"elementor-element elementor-element-d6c3891 elementor-widget elementor-widget-image\" data-id=\"d6c3891\" data-element_type=\"widget\" data-e-type=\"widget\" data-widget_type=\"image.default\">\n\t\t\t\t<div class=\"elementor-widget-container\">\n\t\t\t\t\t\t\t\t\t\t\t\t\t\t\t<img decoding=\"async\" width=\"800\" height=\"533\" src=\"https:\/\/www.camping-laplage.com\/wp-content\/uploads\/2026\/01\/Camping-au-bord-de-la-Dordogne-dans-le-Lot-Camping-La-Plage-a-Meyronne-Eyrignac-et-ses-Jardins-a-Salignac-Eyvigues.jpg\" class=\"attachment-large size-large wp-image-4838\" alt=\"\" srcset=\"https:\/\/www.camping-laplage.com\/wp-content\/uploads\/2026\/01\/Camping-au-bord-de-la-Dordogne-dans-le-Lot-Camping-La-Plage-a-Meyronne-Eyrignac-et-ses-Jardins-a-Salignac-Eyvigues.jpg 900w, https:\/\/www.camping-laplage.com\/wp-content\/uploads\/2026\/01\/Camping-au-bord-de-la-Dordogne-dans-le-Lot-Camping-La-Plage-a-Meyronne-Eyrignac-et-ses-Jardins-a-Salignac-Eyvigues-300x200.jpg 300w, https:\/\/www.camping-laplage.com\/wp-content\/uploads\/2026\/01\/Camping-au-bord-de-la-Dordogne-dans-le-Lot-Camping-La-Plage-a-Meyronne-Eyrignac-et-ses-Jardins-a-Salignac-Eyvigues-768x512.jpg 768w\" sizes=\"(max-width: 800px) 100vw, 800px\" \/>\t\t\t\t\t\t\t\t\t\t\t\t\t\t\t<\/div>\n\t\t\t\t<\/div>\n\t\t\t\t<\/div>\n\t\t<div class=\"elementor-element elementor-element-f7d27ed e-con-full e-flex elementor-invisible e-con e-child\" data-id=\"f7d27ed\" data-element_type=\"container\" data-e-type=\"container\" data-settings=\"{&quot;animation&quot;:&quot;fadeInRight&quot;}\">\n\t\t\t\t<div class=\"elementor-element elementor-element-984f8b3 elementor-widget elementor-widget-heading\" data-id=\"984f8b3\" data-element_type=\"widget\" data-e-type=\"widget\" data-widget_type=\"heading.default\">\n\t\t\t\t<div class=\"elementor-widget-container\">\n\t\t\t\t\t<h3 class=\"elementor-heading-title elementor-size-default\">Formschnitte, Themeng\u00e4rten und Ausblicke in die Natur<\/h3>\t\t\t\t<\/div>\n\t\t\t\t<\/div>\n\t\t\t\t<div class=\"elementor-element elementor-element-f654238 elementor-widget-divider--view-line elementor-widget elementor-widget-divider\" data-id=\"f654238\" data-element_type=\"widget\" data-e-type=\"widget\" data-widget_type=\"divider.default\">\n\t\t\t\t<div class=\"elementor-widget-container\">\n\t\t\t\t\t\t\t<div class=\"elementor-divider\">\n\t\t\t<span class=\"elementor-divider-separator\">\n\t\t\t\t\t\t<\/span>\n\t\t<\/div>\n\t\t\t\t\t\t<\/div>\n\t\t\t\t<\/div>\n\t\t\t\t<div class=\"elementor-element elementor-element-e4ee05b elementor-widget elementor-widget-text-editor\" data-id=\"e4ee05b\" data-element_type=\"widget\" data-e-type=\"widget\" data-widget_type=\"text-editor.default\">\n\t\t\t\t<div class=\"elementor-widget-container\">\n\t\t\t\t\t\t\t\t\t<p>Das Herzst\u00fcck des Besuchs sind die <strong data-start=\"653\" data-end=\"679\">10 Hektar gro\u00dfen G\u00e4rten<\/strong> mit ihren <strong data-start=\"689\" data-end=\"706\">300 Formschnitten<\/strong> (Eiben, Buchsbaum, Hainbuchen, Efeu \u2026), wahre pflanzliche Kunstwerke. <br data-start=\"810\" data-end=\"813\">Du kannst ganz nach Belieben durch <strong data-start=\"831\" data-end=\"844\">7 G\u00e4rten<\/strong> schlendern und den Ausflug mit einem Spaziergang durch das <strong data-start=\"915\" data-end=\"952\">200 Hektar gro\u00dfe Waldgebiet<\/strong> rund um das Herrenhaus verl\u00e4ngern. Es ist der perfekte Ausflug, wenn du gerne gem\u00fctlich spazieren gehst, die Perspektiven, Ausrichtungen und das Spiel des Gr\u00fcns genie\u00dft \u2026 sowie die Ausblicke auf die H\u00fcgel des P\u00e9rigord Noir. <\/p>\t\t\t\t\t\t\t\t<\/div>\n\t\t\t\t<\/div>\n\t\t\t\t<\/div>\n\t\t\t\t<\/div>\n\t\t<div class=\"elementor-element elementor-element-3c5e19f e-con-full e-flex e-con e-parent\" data-id=\"3c5e19f\" data-element_type=\"container\" data-e-type=\"container\" data-settings=\"{&quot;background_background&quot;:&quot;classic&quot;}\">\n\t\t<div class=\"elementor-element elementor-element-5a25bb7 e-con-full e-flex elementor-invisible e-con e-child\" data-id=\"5a25bb7\" data-element_type=\"container\" data-e-type=\"container\" data-settings=\"{&quot;animation&quot;:&quot;fadeInLeft&quot;}\">\n\t\t\t\t<div class=\"elementor-element elementor-element-5b5e811 elementor-widget elementor-widget-heading\" data-id=\"5b5e811\" data-element_type=\"widget\" data-e-type=\"widget\" data-widget_type=\"heading.default\">\n\t\t\t\t<div class=\"elementor-widget-container\">\n\t\t\t\t\t<h3 class=\"elementor-heading-title elementor-size-default\">Das Erbe des Anwesens<\/h3>\t\t\t\t<\/div>\n\t\t\t\t<\/div>\n\t\t\t\t<div class=\"elementor-element elementor-element-c18f943 elementor-widget-divider--view-line elementor-widget elementor-widget-divider\" data-id=\"c18f943\" data-element_type=\"widget\" data-e-type=\"widget\" data-widget_type=\"divider.default\">\n\t\t\t\t<div class=\"elementor-widget-container\">\n\t\t\t\t\t\t\t<div class=\"elementor-divider\">\n\t\t\t<span class=\"elementor-divider-separator\">\n\t\t\t\t\t\t<\/span>\n\t\t<\/div>\n\t\t\t\t\t\t<\/div>\n\t\t\t\t<\/div>\n\t\t\t\t<div class=\"elementor-element elementor-element-d5c0aad elementor-widget elementor-widget-text-editor\" data-id=\"d5c0aad\" data-element_type=\"widget\" data-e-type=\"widget\" data-widget_type=\"text-editor.default\">\n\t\t\t\t<div class=\"elementor-widget-container\">\n\t\t\t\t\t\t\t\t\t<p>Eyrignac ist mehr als nur eine sch\u00f6ne Kulisse: Es ist ein <strong data-start=\"1316\" data-end=\"1338\">historisches Anwesen<\/strong> rund um ein Herrenhaus und ein Zentrum der <strong data-start=\"1380\" data-end=\"1396\">Formschnittkunst<\/strong> in Frankreich. Die Gestaltung und die Atmosph\u00e4re der G\u00e4rten (Rasenfl\u00e4chen, Becken, Brunnen, Rosengarten, Blumen und Gem\u00fcsegarten) unterstreichen die Meisterschaft des Handschnitts und das K\u00f6nnen der G\u00e4rtner. Die Anlage bietet auch \u201ethematische\u201c Besichtigungsformate an (z. B. <strong data-start=\"1659\" data-end=\"1677\">mit einem G\u00e4rtner<\/strong>) f\u00fcr alle, die mehr als nur einen einfachen Spaziergang machen m\u00f6chten.  <\/p>\t\t\t\t\t\t\t\t<\/div>\n\t\t\t\t<\/div>\n\t\t\t\t<\/div>\n\t\t<div class=\"elementor-element elementor-element-348820c e-con-full e-flex elementor-invisible e-con e-child\" data-id=\"348820c\" data-element_type=\"container\" data-e-type=\"container\" data-settings=\"{&quot;animation&quot;:&quot;fadeInRight&quot;}\">\n\t\t\t\t<div class=\"elementor-element elementor-element-693dff0 elementor-widget elementor-widget-image\" data-id=\"693dff0\" data-element_type=\"widget\" data-e-type=\"widget\" data-widget_type=\"image.default\">\n\t\t\t\t<div class=\"elementor-widget-container\">\n\t\t\t\t\t\t\t\t\t\t\t\t\t\t\t<img loading=\"lazy\" decoding=\"async\" width=\"800\" height=\"533\" src=\"https:\/\/www.camping-laplage.com\/wp-content\/uploads\/2026\/01\/Camping-au-bord-de-la-Dordogne-dans-le-Lot-Camping-La-Plage-a-Meyronne-Eyrignac-et-ses-Jardins-a-Salignac-Eyvigues-3.jpg\" class=\"attachment-large size-large wp-image-4836\" alt=\"\" srcset=\"https:\/\/www.camping-laplage.com\/wp-content\/uploads\/2026\/01\/Camping-au-bord-de-la-Dordogne-dans-le-Lot-Camping-La-Plage-a-Meyronne-Eyrignac-et-ses-Jardins-a-Salignac-Eyvigues-3.jpg 900w, https:\/\/www.camping-laplage.com\/wp-content\/uploads\/2026\/01\/Camping-au-bord-de-la-Dordogne-dans-le-Lot-Camping-La-Plage-a-Meyronne-Eyrignac-et-ses-Jardins-a-Salignac-Eyvigues-3-300x200.jpg 300w, https:\/\/www.camping-laplage.com\/wp-content\/uploads\/2026\/01\/Camping-au-bord-de-la-Dordogne-dans-le-Lot-Camping-La-Plage-a-Meyronne-Eyrignac-et-ses-Jardins-a-Salignac-Eyvigues-3-768x512.jpg 768w\" sizes=\"(max-width: 800px) 100vw, 800px\" \/>\t\t\t\t\t\t\t\t\t\t\t\t\t\t\t<\/div>\n\t\t\t\t<\/div>\n\t\t\t\t<\/div>\n\t\t\t\t<\/div>\n\t\t<div class=\"elementor-element elementor-element-24678c5 e-con-full e-flex e-con e-parent\" data-id=\"24678c5\" data-element_type=\"container\" data-e-type=\"container\" data-settings=\"{&quot;background_background&quot;:&quot;classic&quot;}\">\n\t\t<div class=\"elementor-element elementor-element-42dcdeb e-con-full e-flex elementor-invisible e-con e-child\" data-id=\"42dcdeb\" data-element_type=\"container\" data-e-type=\"container\" data-settings=\"{&quot;animation&quot;:&quot;fadeInLeft&quot;}\">\n\t\t\t\t<div class=\"elementor-element elementor-element-74b587c elementor-widget elementor-widget-image\" data-id=\"74b587c\" data-element_type=\"widget\" data-e-type=\"widget\" data-widget_type=\"image.default\">\n\t\t\t\t<div class=\"elementor-widget-container\">\n\t\t\t\t\t\t\t\t\t\t\t\t\t\t\t<img loading=\"lazy\" decoding=\"async\" width=\"900\" height=\"600\" src=\"https:\/\/www.camping-laplage.com\/wp-content\/uploads\/2026\/01\/Camping-au-bord-de-la-Dordogne-dans-le-Lot-Camping-La-Plage-a-Meyronne-Eyrignac-et-ses-Jardins-a-Salignac-Eyvigues-2.jpg\" class=\"attachment-full size-full wp-image-4835\" alt=\"\" srcset=\"https:\/\/www.camping-laplage.com\/wp-content\/uploads\/2026\/01\/Camping-au-bord-de-la-Dordogne-dans-le-Lot-Camping-La-Plage-a-Meyronne-Eyrignac-et-ses-Jardins-a-Salignac-Eyvigues-2.jpg 900w, https:\/\/www.camping-laplage.com\/wp-content\/uploads\/2026\/01\/Camping-au-bord-de-la-Dordogne-dans-le-Lot-Camping-La-Plage-a-Meyronne-Eyrignac-et-ses-Jardins-a-Salignac-Eyvigues-2-300x200.jpg 300w, https:\/\/www.camping-laplage.com\/wp-content\/uploads\/2026\/01\/Camping-au-bord-de-la-Dordogne-dans-le-Lot-Camping-La-Plage-a-Meyronne-Eyrignac-et-ses-Jardins-a-Salignac-Eyvigues-2-768x512.jpg 768w\" sizes=\"(max-width: 900px) 100vw, 900px\" \/>\t\t\t\t\t\t\t\t\t\t\t\t\t\t\t<\/div>\n\t\t\t\t<\/div>\n\t\t\t\t<\/div>\n\t\t<div class=\"elementor-element elementor-element-15a6b1c e-con-full e-flex elementor-invisible e-con e-child\" data-id=\"15a6b1c\" data-element_type=\"container\" data-e-type=\"container\" data-settings=\"{&quot;animation&quot;:&quot;fadeInRight&quot;}\">\n\t\t\t\t<div class=\"elementor-element elementor-element-cb6c9e5 elementor-widget elementor-widget-heading\" data-id=\"cb6c9e5\" data-element_type=\"widget\" data-e-type=\"widget\" data-widget_type=\"heading.default\">\n\t\t\t\t<div class=\"elementor-widget-container\">\n\t\t\t\t\t<h3 class=\"elementor-heading-title elementor-size-default\">Verschiedene Arten der Besichtigung<\/h3>\t\t\t\t<\/div>\n\t\t\t\t<\/div>\n\t\t\t\t<div class=\"elementor-element elementor-element-54c6754 elementor-widget-divider--view-line elementor-widget elementor-widget-divider\" data-id=\"54c6754\" data-element_type=\"widget\" data-e-type=\"widget\" data-widget_type=\"divider.default\">\n\t\t\t\t<div class=\"elementor-widget-container\">\n\t\t\t\t\t\t\t<div class=\"elementor-divider\">\n\t\t\t<span class=\"elementor-divider-separator\">\n\t\t\t\t\t\t<\/span>\n\t\t<\/div>\n\t\t\t\t\t\t<\/div>\n\t\t\t\t<\/div>\n\t\t\t\t<div class=\"elementor-element elementor-element-c53adc4 elementor-widget elementor-widget-text-editor\" data-id=\"c53adc4\" data-element_type=\"widget\" data-e-type=\"widget\" data-widget_type=\"text-editor.default\">\n\t\t\t\t<div class=\"elementor-widget-container\">\n\t\t\t\t\t\t\t\t\t<p>Was die Besichtigung betrifft, l\u00e4sst sich <strong data-start=\"14\" data-end=\"26\">Eyrignac<\/strong> zun\u00e4chst bei einem <strong data-start=\"50\" data-end=\"66\">freien Rundgang<\/strong> in deinem eigenen Tempo entdecken. Ein <strong data-start=\"92\" data-end=\"143\">Gartenplan, der am Empfang in 6 Sprachen erh\u00e4ltlich ist<\/strong>, sowie <strong data-start=\"151\" data-end=\"175\">Infotafeln<\/strong> entlang des Weges (Geschichte, Pflege, Gartentipps) begleiten dich dabei. Wenn du tiefer eintauchen m\u00f6chtest, kannst du einen <strong data-start=\"289\" data-end=\"309\">Audioguide (2 \u20ac)<\/strong> mieten und den Sehensw\u00fcrdigkeiten Schritt f\u00fcr Schritt folgen. Das Anwesen bietet auch erlebnisorientierte Formate an: eine <strong data-start=\"413\" data-end=\"439\">sensorische Entdeckungstour<\/strong> per Besichtigungsf\u00fchrer, eine <strong data-start=\"468\" data-end=\"522\">gef\u00fchrte Tour im Sommer<\/strong> und f\u00fcr Gruppen oder Wissbegierige eine <strong data-start=\"573\" data-end=\"616\">technische F\u00fchrung mit dem Chefg\u00e4rtner<\/strong> (ca. 1,5 Std., nach Vereinbarung).  <\/p>\t\t\t\t\t\t\t\t<\/div>\n\t\t\t\t<\/div>\n\t\t\t\t<\/div>\n\t\t\t\t<\/div>\n\t\t<div class=\"elementor-element elementor-element-8b58d99 e-con-full e-flex e-con e-parent\" data-id=\"8b58d99\" data-element_type=\"container\" data-e-type=\"container\" data-settings=\"{&quot;background_background&quot;:&quot;classic&quot;}\">\n\t\t<div class=\"elementor-element elementor-element-b37c556 e-con-full e-flex elementor-invisible e-con e-child\" data-id=\"b37c556\" data-element_type=\"container\" data-e-type=\"container\" data-settings=\"{&quot;animation&quot;:&quot;fadeInLeft&quot;}\">\n\t\t\t\t<div class=\"elementor-element elementor-element-139629b elementor-widget elementor-widget-heading\" data-id=\"139629b\" data-element_type=\"widget\" data-e-type=\"widget\" data-widget_type=\"heading.default\">\n\t\t\t\t<div class=\"elementor-widget-container\">\n\t\t\t\t\t<h3 class=\"elementor-heading-title elementor-size-default\">Praktische Services f\u00fcr einen entspannten Besuch<\/h3>\t\t\t\t<\/div>\n\t\t\t\t<\/div>\n\t\t\t\t<div class=\"elementor-element elementor-element-b1ba46b elementor-widget-divider--view-line elementor-widget elementor-widget-divider\" data-id=\"b1ba46b\" data-element_type=\"widget\" data-e-type=\"widget\" data-widget_type=\"divider.default\">\n\t\t\t\t<div class=\"elementor-widget-container\">\n\t\t\t\t\t\t\t<div class=\"elementor-divider\">\n\t\t\t<span class=\"elementor-divider-separator\">\n\t\t\t\t\t\t<\/span>\n\t\t<\/div>\n\t\t\t\t\t\t<\/div>\n\t\t\t\t<\/div>\n\t\t\t\t<div class=\"elementor-element elementor-element-b03900f elementor-widget elementor-widget-text-editor\" data-id=\"b03900f\" data-element_type=\"widget\" data-e-type=\"widget\" data-widget_type=\"text-editor.default\">\n\t\t\t\t<div class=\"elementor-widget-container\">\n\t\t\t\t\t\t\t\t\t<p data-start=\"59\" data-end=\"92\"><strong data-start=\"59\" data-end=\"90\">Vor Ort findest du:<\/strong><\/p><ul data-start=\"93\" data-end=\"525\"><li data-start=\"93\" data-end=\"177\"><p data-start=\"95\" data-end=\"177\">Einen <strong data-start=\"99\" data-end=\"114\">Ticketverkauf<\/strong> vor Ort<\/p><\/li><li data-start=\"271\" data-end=\"366\"><p data-start=\"273\" data-end=\"366\">Ein <strong data-start=\"276\" data-end=\"305\">Restaurant \/ Teehaus<\/strong> \u201eC\u00f4t\u00e9 Jardins\u201c f\u00fcr ein Mittagessen oder eine Genusspause<\/p><\/li><li data-start=\"367\" data-end=\"436\"><p data-start=\"369\" data-end=\"436\">Einen <strong data-start=\"373\" data-end=\"385\">Shop<\/strong> (Souvenirs, handwerkliche Produkte, Geschenkideen)<\/p><\/li><li data-start=\"437\" data-end=\"486\"><p data-start=\"439\" data-end=\"486\"><strong data-start=\"443\" data-end=\"467\">Picknickpl\u00e4tze<\/strong> auf dem Gel\u00e4nde<\/p><\/li><li data-start=\"487\" data-end=\"525\"><p data-start=\"489\" data-end=\"525\">Einen <strong data-start=\"492\" data-end=\"511\">kostenlosen Parkplatz<\/strong> am Eingang<\/p><\/li><\/ul>\t\t\t\t\t\t\t\t<\/div>\n\t\t\t\t<\/div>\n\t\t\t\t<\/div>\n\t\t<div class=\"elementor-element elementor-element-d65a8a0 e-con-full e-flex elementor-invisible e-con e-child\" data-id=\"d65a8a0\" data-element_type=\"container\" data-e-type=\"container\" data-settings=\"{&quot;animation&quot;:&quot;fadeInLeft&quot;}\">\n\t\t\t\t<div class=\"elementor-element elementor-element-bc4af12 elementor-widget elementor-widget-heading\" data-id=\"bc4af12\" data-element_type=\"widget\" data-e-type=\"widget\" data-widget_type=\"heading.default\">\n\t\t\t\t<div class=\"elementor-widget-container\">\n\t\t\t\t\t<h3 class=\"elementor-heading-title elementor-size-default\">Anreise vom Camping La Plage in Meyronne<\/h3>\t\t\t\t<\/div>\n\t\t\t\t<\/div>\n\t\t\t\t<div class=\"elementor-element elementor-element-c75cc23 elementor-widget-divider--view-line elementor-widget elementor-widget-divider\" data-id=\"c75cc23\" data-element_type=\"widget\" data-e-type=\"widget\" data-widget_type=\"divider.default\">\n\t\t\t\t<div class=\"elementor-widget-container\">\n\t\t\t\t\t\t\t<div class=\"elementor-divider\">\n\t\t\t<span class=\"elementor-divider-separator\">\n\t\t\t\t\t\t<\/span>\n\t\t<\/div>\n\t\t\t\t\t\t<\/div>\n\t\t\t\t<\/div>\n\t\t\t\t<div class=\"elementor-element elementor-element-7ca7c79 elementor-widget elementor-widget-text-editor\" data-id=\"7ca7c79\" data-element_type=\"widget\" data-e-type=\"widget\" data-widget_type=\"text-editor.default\">\n\t\t\t\t<div class=\"elementor-widget-container\">\n\t\t\t\t\t\t\t\t\t<p data-start=\"577\" data-end=\"786\"><strong data-start=\"577\" data-end=\"593\">Anfahrt:<\/strong><br data-start=\"593\" data-end=\"596\">Vom Campingplatz aus nimmst du die <strong data-start=\"625\" data-end=\"652\">D703 Richtung Souillac<\/strong>, dann die <strong data-start=\"662\" data-end=\"692\">D60 nach Salignac-Eyvigues<\/strong> und folgst der Beschilderung <strong data-start=\"716\" data-end=\"745\">\u201eEyrignac et ses Jardins\u201c<\/strong>. Plane <strong data-start=\"755\" data-end=\"785\">etwa 40 Minuten (30 km)<\/strong> ein. <\/p><p data-start=\"788\" data-end=\"809\"><strong data-start=\"788\" data-end=\"807\">Barrierefreiheit:<\/strong><\/p><ul data-start=\"810\" data-end=\"1077\"><li data-start=\"810\" data-end=\"844\"><p data-start=\"812\" data-end=\"844\"><strong data-start=\"812\" data-end=\"831\">Kostenloser Parkplatz<\/strong> vor Ort,<\/p><\/li><li data-start=\"845\" data-end=\"949\"><p data-start=\"847\" data-end=\"949\">Das Gel\u00e4nde ist f\u00fcr Personen mit eingeschr\u00e4nkter Mobilit\u00e4t <strong data-start=\"855\" data-end=\"883\">teilweise zug\u00e4nglich<\/strong> (Wege\/G\u00e4rten je nach Zone),<\/p><\/li><li data-start=\"950\" data-end=\"990\"><p data-start=\"952\" data-end=\"990\"><strong data-start=\"952\" data-end=\"987\">Hunde an der Leine erlaubt<\/strong><\/p><\/li><\/ul>\t\t\t\t\t\t\t\t<\/div>\n\t\t\t\t<\/div>\n\t\t\t\t<\/div>\n\t\t\t\t<\/div>\n\t\t\t\t<\/div>\n\t\t","protected":false},"excerpt":{"rendered":"<p>Nur 30 km (40 Min.) vom Camping La Plage in Meyronne entfernt, verzaubert Eyrignac und seine G\u00e4rten mit 300 handgeschnittenen Formschnitten und franz\u00f6sischen G\u00e4rten \u2013 entdecke sie in deinem eigenen Tempo im Herzen des P\u00e9rigord Noir.<\/p>\n","protected":false},"author":1,"featured_media":4834,"comment_status":"open","ping_status":"closed","sticky":false,"template":"","format":"standard","meta":{"footnotes":""},"categories":[109,100,90],"tags":[],"class_list":["post-4833","post","type-post","status-publish","format-standard","has-post-thumbnail","hentry","category-entspannen","category-fur-die-ganze-familie","category-natur-wandern"],"yoast_head":"<!-- This site is optimized with the Yoast SEO plugin v27.5 - https:\/\/yoast.com\/product\/yoast-seo-wordpress\/ -->\n<title>Die G\u00e4rten des Manoir d\u2019Eyrignac in Salignac-Eyvigues - Camping La Plage \u00e0 Meyronne \ud83d\udca6<\/title>\n<meta name=\"description\" content=\"Die G\u00e4rten des Manoir d\u2019Eyrignac in Salignac-Eyvigues: Erkunde die Region mit der Familie in der N\u00e4he vom Camping La Plage in Meyronne.\" \/>\n<meta name=\"robots\" content=\"index, follow, max-snippet:-1, max-image-preview:large, max-video-preview:-1\" \/>\n<link rel=\"canonical\" href=\"https:\/\/www.camping-laplage.com\/de\/die-gaerten-des-manoir-deyrignac-in-salignac-eyvigues\/\" \/>\n<meta property=\"og:locale\" content=\"de_DE\" \/>\n<meta property=\"og:type\" content=\"article\" \/>\n<meta property=\"og:title\" content=\"Die G\u00e4rten des Manoir d\u2019Eyrignac in Salignac-Eyvigues - Camping La Plage \u00e0 Meyronne \ud83d\udca6\" \/>\n<meta property=\"og:description\" content=\"Die G\u00e4rten des Manoir d\u2019Eyrignac in Salignac-Eyvigues: Erkunde die Region mit der Familie in der N\u00e4he vom Camping La Plage in Meyronne.\" \/>\n<meta property=\"og:url\" content=\"https:\/\/www.camping-laplage.com\/de\/die-gaerten-des-manoir-deyrignac-in-salignac-eyvigues\/\" \/>\n<meta property=\"og:site_name\" content=\"Camping La Plage \u00e0 Meyronne\" \/>\n<meta property=\"article:publisher\" content=\"https:\/\/www.facebook.com\/campinglaplagemeyronne\/\" \/>\n<meta property=\"article:published_time\" content=\"2026-01-01T19:51:27+00:00\" \/>\n<meta property=\"article:modified_time\" content=\"2026-04-28T10:13:40+00:00\" \/>\n<meta property=\"og:image\" content=\"https:\/\/www.camping-laplage.com\/wp-content\/uploads\/2026\/01\/Camping-au-bord-de-la-Dordogne-dans-le-Lot-Camping-La-Plage-a-Meyronne-Les-Jardins-du-Manoir-dEyrignac-a-Salignac-Eyvigues.jpg\" \/>\n\t<meta property=\"og:image:width\" content=\"2000\" \/>\n\t<meta property=\"og:image:height\" content=\"900\" \/>\n\t<meta property=\"og:image:type\" content=\"image\/jpeg\" \/>\n<meta name=\"author\" content=\"Ema92150@\" \/>\n<meta name=\"twitter:card\" content=\"summary_large_image\" \/>\n<meta name=\"twitter:label1\" content=\"Verfasst von\" \/>\n\t<meta name=\"twitter:data1\" content=\"Ema92150@\" \/>\n\t<meta name=\"twitter:label2\" content=\"Gesch\u00e4tzte Lesezeit\" \/>\n\t<meta name=\"twitter:data2\" content=\"2\u00a0Minuten\" \/>\n<script type=\"application\/ld+json\" class=\"yoast-schema-graph\">{\"@context\":\"https:\\\/\\\/schema.org\",\"@graph\":[{\"@type\":\"Article\",\"@id\":\"https:\\\/\\\/www.camping-laplage.com\\\/de\\\/die-gaerten-des-manoir-deyrignac-in-salignac-eyvigues\\\/#article\",\"isPartOf\":{\"@id\":\"https:\\\/\\\/www.camping-laplage.com\\\/de\\\/die-gaerten-des-manoir-deyrignac-in-salignac-eyvigues\\\/\"},\"author\":{\"name\":\"Ema92150@\",\"@id\":\"https:\\\/\\\/www.camping-laplage.com\\\/de\\\/#\\\/schema\\\/person\\\/77defc644360c4923de10287f3a4fb58\"},\"headline\":\"Die G\u00e4rten des Manoir d\u2019Eyrignac in Salignac-Eyvigues\",\"datePublished\":\"2026-01-01T19:51:27+00:00\",\"dateModified\":\"2026-04-28T10:13:40+00:00\",\"mainEntityOfPage\":{\"@id\":\"https:\\\/\\\/www.camping-laplage.com\\\/de\\\/die-gaerten-des-manoir-deyrignac-in-salignac-eyvigues\\\/\"},\"wordCount\":502,\"commentCount\":0,\"publisher\":{\"@id\":\"https:\\\/\\\/www.camping-laplage.com\\\/de\\\/#organization\"},\"image\":{\"@id\":\"https:\\\/\\\/www.camping-laplage.com\\\/de\\\/die-gaerten-des-manoir-deyrignac-in-salignac-eyvigues\\\/#primaryimage\"},\"thumbnailUrl\":\"https:\\\/\\\/www.camping-laplage.com\\\/wp-content\\\/uploads\\\/2026\\\/01\\\/Camping-au-bord-de-la-Dordogne-dans-le-Lot-Camping-La-Plage-a-Meyronne-Les-Jardins-du-Manoir-dEyrignac-a-Salignac-Eyvigues.jpg\",\"articleSection\":[\"Entspannen\",\"F\u00fcr die ganze Familie\",\"Natur &amp; Wandern\"],\"inLanguage\":\"de\",\"potentialAction\":[{\"@type\":\"CommentAction\",\"name\":\"Comment\",\"target\":[\"https:\\\/\\\/www.camping-laplage.com\\\/de\\\/die-gaerten-des-manoir-deyrignac-in-salignac-eyvigues\\\/#respond\"]}]},{\"@type\":\"WebPage\",\"@id\":\"https:\\\/\\\/www.camping-laplage.com\\\/de\\\/die-gaerten-des-manoir-deyrignac-in-salignac-eyvigues\\\/\",\"url\":\"https:\\\/\\\/www.camping-laplage.com\\\/de\\\/die-gaerten-des-manoir-deyrignac-in-salignac-eyvigues\\\/\",\"name\":\"Die G\u00e4rten des Manoir d\u2019Eyrignac in Salignac-Eyvigues - Camping La Plage \u00e0 Meyronne \ud83d\udca6\",\"isPartOf\":{\"@id\":\"https:\\\/\\\/www.camping-laplage.com\\\/de\\\/#website\"},\"primaryImageOfPage\":{\"@id\":\"https:\\\/\\\/www.camping-laplage.com\\\/de\\\/die-gaerten-des-manoir-deyrignac-in-salignac-eyvigues\\\/#primaryimage\"},\"image\":{\"@id\":\"https:\\\/\\\/www.camping-laplage.com\\\/de\\\/die-gaerten-des-manoir-deyrignac-in-salignac-eyvigues\\\/#primaryimage\"},\"thumbnailUrl\":\"https:\\\/\\\/www.camping-laplage.com\\\/wp-content\\\/uploads\\\/2026\\\/01\\\/Camping-au-bord-de-la-Dordogne-dans-le-Lot-Camping-La-Plage-a-Meyronne-Les-Jardins-du-Manoir-dEyrignac-a-Salignac-Eyvigues.jpg\",\"datePublished\":\"2026-01-01T19:51:27+00:00\",\"dateModified\":\"2026-04-28T10:13:40+00:00\",\"description\":\"Die G\u00e4rten des Manoir d\u2019Eyrignac in Salignac-Eyvigues: Erkunde die Region mit der Familie in der N\u00e4he vom Camping La Plage in Meyronne.\",\"breadcrumb\":{\"@id\":\"https:\\\/\\\/www.camping-laplage.com\\\/de\\\/die-gaerten-des-manoir-deyrignac-in-salignac-eyvigues\\\/#breadcrumb\"},\"inLanguage\":\"de\",\"potentialAction\":[{\"@type\":\"ReadAction\",\"target\":[\"https:\\\/\\\/www.camping-laplage.com\\\/de\\\/die-gaerten-des-manoir-deyrignac-in-salignac-eyvigues\\\/\"]}]},{\"@type\":\"ImageObject\",\"inLanguage\":\"de\",\"@id\":\"https:\\\/\\\/www.camping-laplage.com\\\/de\\\/die-gaerten-des-manoir-deyrignac-in-salignac-eyvigues\\\/#primaryimage\",\"url\":\"https:\\\/\\\/www.camping-laplage.com\\\/wp-content\\\/uploads\\\/2026\\\/01\\\/Camping-au-bord-de-la-Dordogne-dans-le-Lot-Camping-La-Plage-a-Meyronne-Les-Jardins-du-Manoir-dEyrignac-a-Salignac-Eyvigues.jpg\",\"contentUrl\":\"https:\\\/\\\/www.camping-laplage.com\\\/wp-content\\\/uploads\\\/2026\\\/01\\\/Camping-au-bord-de-la-Dordogne-dans-le-Lot-Camping-La-Plage-a-Meyronne-Les-Jardins-du-Manoir-dEyrignac-a-Salignac-Eyvigues.jpg\",\"width\":2000,\"height\":900},{\"@type\":\"BreadcrumbList\",\"@id\":\"https:\\\/\\\/www.camping-laplage.com\\\/de\\\/die-gaerten-des-manoir-deyrignac-in-salignac-eyvigues\\\/#breadcrumb\",\"itemListElement\":[{\"@type\":\"ListItem\",\"position\":1,\"name\":\"Accueil\",\"item\":\"https:\\\/\\\/www.camping-laplage.com\\\/de\\\/\"},{\"@type\":\"ListItem\",\"position\":2,\"name\":\"Unkategorisiert\",\"item\":\"https:\\\/\\\/www.camping-laplage.com\\\/de\\\/category\\\/unkategorisiert\\\/\"},{\"@type\":\"ListItem\",\"position\":3,\"name\":\"Die G\u00e4rten des Manoir d\u2019Eyrignac in Salignac-Eyvigues\"}]},{\"@type\":\"WebSite\",\"@id\":\"https:\\\/\\\/www.camping-laplage.com\\\/de\\\/#website\",\"url\":\"https:\\\/\\\/www.camping-laplage.com\\\/de\\\/\",\"name\":\"Camping La Plage \u00e0 Meyronne\",\"description\":\"Familles et couples recherchant un camping en Dordogne avec acc\u00e8s direct \u00e0 la rivi\u00e8re pr\u00e8s de Rocamadour pour des vacances nature dans le Lot.\",\"publisher\":{\"@id\":\"https:\\\/\\\/www.camping-laplage.com\\\/de\\\/#organization\"},\"alternateName\":\"Camping La Plage situ\u00e9 au bord de la Dordogne dans le Lot \u00e0 Meyronne, pr\u00e8s de Rocamadour et du Gouffre de Padirac. Le camping propose des emplacements, des mobil-homes et un acc\u00e8s direct \u00e0 la rivi\u00e8re pour les vacances nature et les activit\u00e9s de plein air dans la Vall\u00e9e de la Dordogne.\",\"potentialAction\":[{\"@type\":\"SearchAction\",\"target\":{\"@type\":\"EntryPoint\",\"urlTemplate\":\"https:\\\/\\\/www.camping-laplage.com\\\/de\\\/?s={search_term_string}\"},\"query-input\":{\"@type\":\"PropertyValueSpecification\",\"valueRequired\":true,\"valueName\":\"search_term_string\"}}],\"inLanguage\":\"de\"},{\"@type\":\"Organization\",\"@id\":\"https:\\\/\\\/www.camping-laplage.com\\\/de\\\/#organization\",\"name\":\"Familles et couples recherchant un camping en Dordogne avec acc\u00e8s direct \u00e0 la rivi\u00e8re pr\u00e8s de Rocamadour pour des vacances nature dans le Lot.\",\"alternateName\":\"Camping La Plage situ\u00e9 au bord de la Dordogne dans le Lot \u00e0 Meyronne, pr\u00e8s de Rocamadour et du Gouffre de Padirac. Le camping propose des emplacements, des mobil-homes et un acc\u00e8s direct \u00e0 la rivi\u00e8re pour les vacances nature et les activit\u00e9s de plein air dans la Vall\u00e9e de la Dordogne.\",\"url\":\"https:\\\/\\\/www.camping-laplage.com\\\/de\\\/\",\"logo\":{\"@type\":\"ImageObject\",\"inLanguage\":\"de\",\"@id\":\"https:\\\/\\\/www.camping-laplage.com\\\/de\\\/#\\\/schema\\\/logo\\\/image\\\/\",\"url\":\"https:\\\/\\\/www.camping-laplage.com\\\/wp-content\\\/uploads\\\/2026\\\/02\\\/Camping-la-Plage-au-bord-de-la-Dordogne-Logo.svg\",\"contentUrl\":\"https:\\\/\\\/www.camping-laplage.com\\\/wp-content\\\/uploads\\\/2026\\\/02\\\/Camping-la-Plage-au-bord-de-la-Dordogne-Logo.svg\",\"width\":1125,\"height\":1124,\"caption\":\"Familles et couples recherchant un camping en Dordogne avec acc\u00e8s direct \u00e0 la rivi\u00e8re pr\u00e8s de Rocamadour pour des vacances nature dans le Lot.\"},\"image\":{\"@id\":\"https:\\\/\\\/www.camping-laplage.com\\\/de\\\/#\\\/schema\\\/logo\\\/image\\\/\"},\"sameAs\":[\"https:\\\/\\\/www.facebook.com\\\/campinglaplagemeyronne\\\/\"]},{\"@type\":\"Person\",\"@id\":\"https:\\\/\\\/www.camping-laplage.com\\\/de\\\/#\\\/schema\\\/person\\\/77defc644360c4923de10287f3a4fb58\",\"name\":\"Ema92150@\",\"sameAs\":[\"https:\\\/\\\/camping-laplage.emavista.fr\"]}]}<\/script>\n<!-- \/ Yoast SEO plugin. -->","yoast_head_json":{"title":"Die G\u00e4rten des Manoir d\u2019Eyrignac in Salignac-Eyvigues - Camping La Plage \u00e0 Meyronne \ud83d\udca6","description":"Die G\u00e4rten des Manoir d\u2019Eyrignac in Salignac-Eyvigues: Erkunde die Region mit der Familie in der N\u00e4he vom Camping La Plage in Meyronne.","robots":{"index":"index","follow":"follow","max-snippet":"max-snippet:-1","max-image-preview":"max-image-preview:large","max-video-preview":"max-video-preview:-1"},"canonical":"https:\/\/www.camping-laplage.com\/de\/die-gaerten-des-manoir-deyrignac-in-salignac-eyvigues\/","og_locale":"de_DE","og_type":"article","og_title":"Die G\u00e4rten des Manoir d\u2019Eyrignac in Salignac-Eyvigues - Camping La Plage \u00e0 Meyronne \ud83d\udca6","og_description":"Die G\u00e4rten des Manoir d\u2019Eyrignac in Salignac-Eyvigues: Erkunde die Region mit der Familie in der N\u00e4he vom Camping La Plage in Meyronne.","og_url":"https:\/\/www.camping-laplage.com\/de\/die-gaerten-des-manoir-deyrignac-in-salignac-eyvigues\/","og_site_name":"Camping La Plage \u00e0 Meyronne","article_publisher":"https:\/\/www.facebook.com\/campinglaplagemeyronne\/","article_published_time":"2026-01-01T19:51:27+00:00","article_modified_time":"2026-04-28T10:13:40+00:00","og_image":[{"width":2000,"height":900,"url":"https:\/\/www.camping-laplage.com\/wp-content\/uploads\/2026\/01\/Camping-au-bord-de-la-Dordogne-dans-le-Lot-Camping-La-Plage-a-Meyronne-Les-Jardins-du-Manoir-dEyrignac-a-Salignac-Eyvigues.jpg","type":"image\/jpeg"}],"author":"Ema92150@","twitter_card":"summary_large_image","twitter_misc":{"Verfasst von":"Ema92150@","Gesch\u00e4tzte Lesezeit":"2\u00a0Minuten"},"schema":{"@context":"https:\/\/schema.org","@graph":[{"@type":"Article","@id":"https:\/\/www.camping-laplage.com\/de\/die-gaerten-des-manoir-deyrignac-in-salignac-eyvigues\/#article","isPartOf":{"@id":"https:\/\/www.camping-laplage.com\/de\/die-gaerten-des-manoir-deyrignac-in-salignac-eyvigues\/"},"author":{"name":"Ema92150@","@id":"https:\/\/www.camping-laplage.com\/de\/#\/schema\/person\/77defc644360c4923de10287f3a4fb58"},"headline":"Die G\u00e4rten des Manoir d\u2019Eyrignac in Salignac-Eyvigues","datePublished":"2026-01-01T19:51:27+00:00","dateModified":"2026-04-28T10:13:40+00:00","mainEntityOfPage":{"@id":"https:\/\/www.camping-laplage.com\/de\/die-gaerten-des-manoir-deyrignac-in-salignac-eyvigues\/"},"wordCount":502,"commentCount":0,"publisher":{"@id":"https:\/\/www.camping-laplage.com\/de\/#organization"},"image":{"@id":"https:\/\/www.camping-laplage.com\/de\/die-gaerten-des-manoir-deyrignac-in-salignac-eyvigues\/#primaryimage"},"thumbnailUrl":"https:\/\/www.camping-laplage.com\/wp-content\/uploads\/2026\/01\/Camping-au-bord-de-la-Dordogne-dans-le-Lot-Camping-La-Plage-a-Meyronne-Les-Jardins-du-Manoir-dEyrignac-a-Salignac-Eyvigues.jpg","articleSection":["Entspannen","F\u00fcr die ganze Familie","Natur &amp; Wandern"],"inLanguage":"de","potentialAction":[{"@type":"CommentAction","name":"Comment","target":["https:\/\/www.camping-laplage.com\/de\/die-gaerten-des-manoir-deyrignac-in-salignac-eyvigues\/#respond"]}]},{"@type":"WebPage","@id":"https:\/\/www.camping-laplage.com\/de\/die-gaerten-des-manoir-deyrignac-in-salignac-eyvigues\/","url":"https:\/\/www.camping-laplage.com\/de\/die-gaerten-des-manoir-deyrignac-in-salignac-eyvigues\/","name":"Die G\u00e4rten des Manoir d\u2019Eyrignac in Salignac-Eyvigues - Camping La Plage \u00e0 Meyronne \ud83d\udca6","isPartOf":{"@id":"https:\/\/www.camping-laplage.com\/de\/#website"},"primaryImageOfPage":{"@id":"https:\/\/www.camping-laplage.com\/de\/die-gaerten-des-manoir-deyrignac-in-salignac-eyvigues\/#primaryimage"},"image":{"@id":"https:\/\/www.camping-laplage.com\/de\/die-gaerten-des-manoir-deyrignac-in-salignac-eyvigues\/#primaryimage"},"thumbnailUrl":"https:\/\/www.camping-laplage.com\/wp-content\/uploads\/2026\/01\/Camping-au-bord-de-la-Dordogne-dans-le-Lot-Camping-La-Plage-a-Meyronne-Les-Jardins-du-Manoir-dEyrignac-a-Salignac-Eyvigues.jpg","datePublished":"2026-01-01T19:51:27+00:00","dateModified":"2026-04-28T10:13:40+00:00","description":"Die G\u00e4rten des Manoir d\u2019Eyrignac in Salignac-Eyvigues: Erkunde die Region mit der Familie in der N\u00e4he vom Camping La Plage in Meyronne.","breadcrumb":{"@id":"https:\/\/www.camping-laplage.com\/de\/die-gaerten-des-manoir-deyrignac-in-salignac-eyvigues\/#breadcrumb"},"inLanguage":"de","potentialAction":[{"@type":"ReadAction","target":["https:\/\/www.camping-laplage.com\/de\/die-gaerten-des-manoir-deyrignac-in-salignac-eyvigues\/"]}]},{"@type":"ImageObject","inLanguage":"de","@id":"https:\/\/www.camping-laplage.com\/de\/die-gaerten-des-manoir-deyrignac-in-salignac-eyvigues\/#primaryimage","url":"https:\/\/www.camping-laplage.com\/wp-content\/uploads\/2026\/01\/Camping-au-bord-de-la-Dordogne-dans-le-Lot-Camping-La-Plage-a-Meyronne-Les-Jardins-du-Manoir-dEyrignac-a-Salignac-Eyvigues.jpg","contentUrl":"https:\/\/www.camping-laplage.com\/wp-content\/uploads\/2026\/01\/Camping-au-bord-de-la-Dordogne-dans-le-Lot-Camping-La-Plage-a-Meyronne-Les-Jardins-du-Manoir-dEyrignac-a-Salignac-Eyvigues.jpg","width":2000,"height":900},{"@type":"BreadcrumbList","@id":"https:\/\/www.camping-laplage.com\/de\/die-gaerten-des-manoir-deyrignac-in-salignac-eyvigues\/#breadcrumb","itemListElement":[{"@type":"ListItem","position":1,"name":"Accueil","item":"https:\/\/www.camping-laplage.com\/de\/"},{"@type":"ListItem","position":2,"name":"Unkategorisiert","item":"https:\/\/www.camping-laplage.com\/de\/category\/unkategorisiert\/"},{"@type":"ListItem","position":3,"name":"Die G\u00e4rten des Manoir d\u2019Eyrignac in Salignac-Eyvigues"}]},{"@type":"WebSite","@id":"https:\/\/www.camping-laplage.com\/de\/#website","url":"https:\/\/www.camping-laplage.com\/de\/","name":"Camping La Plage \u00e0 Meyronne","description":"Familles et couples recherchant un camping en Dordogne avec acc\u00e8s direct \u00e0 la rivi\u00e8re pr\u00e8s de Rocamadour pour des vacances nature dans le Lot.","publisher":{"@id":"https:\/\/www.camping-laplage.com\/de\/#organization"},"alternateName":"Camping La Plage situ\u00e9 au bord de la Dordogne dans le Lot \u00e0 Meyronne, pr\u00e8s de Rocamadour et du Gouffre de Padirac. Le camping propose des emplacements, des mobil-homes et un acc\u00e8s direct \u00e0 la rivi\u00e8re pour les vacances nature et les activit\u00e9s de plein air dans la Vall\u00e9e de la Dordogne.","potentialAction":[{"@type":"SearchAction","target":{"@type":"EntryPoint","urlTemplate":"https:\/\/www.camping-laplage.com\/de\/?s={search_term_string}"},"query-input":{"@type":"PropertyValueSpecification","valueRequired":true,"valueName":"search_term_string"}}],"inLanguage":"de"},{"@type":"Organization","@id":"https:\/\/www.camping-laplage.com\/de\/#organization","name":"Familles et couples recherchant un camping en Dordogne avec acc\u00e8s direct \u00e0 la rivi\u00e8re pr\u00e8s de Rocamadour pour des vacances nature dans le Lot.","alternateName":"Camping La Plage situ\u00e9 au bord de la Dordogne dans le Lot \u00e0 Meyronne, pr\u00e8s de Rocamadour et du Gouffre de Padirac. Le camping propose des emplacements, des mobil-homes et un acc\u00e8s direct \u00e0 la rivi\u00e8re pour les vacances nature et les activit\u00e9s de plein air dans la Vall\u00e9e de la Dordogne.","url":"https:\/\/www.camping-laplage.com\/de\/","logo":{"@type":"ImageObject","inLanguage":"de","@id":"https:\/\/www.camping-laplage.com\/de\/#\/schema\/logo\/image\/","url":"https:\/\/www.camping-laplage.com\/wp-content\/uploads\/2026\/02\/Camping-la-Plage-au-bord-de-la-Dordogne-Logo.svg","contentUrl":"https:\/\/www.camping-laplage.com\/wp-content\/uploads\/2026\/02\/Camping-la-Plage-au-bord-de-la-Dordogne-Logo.svg","width":1125,"height":1124,"caption":"Familles et couples recherchant un camping en Dordogne avec acc\u00e8s direct \u00e0 la rivi\u00e8re pr\u00e8s de Rocamadour pour des vacances nature dans le Lot."},"image":{"@id":"https:\/\/www.camping-laplage.com\/de\/#\/schema\/logo\/image\/"},"sameAs":["https:\/\/www.facebook.com\/campinglaplagemeyronne\/"]},{"@type":"Person","@id":"https:\/\/www.camping-laplage.com\/de\/#\/schema\/person\/77defc644360c4923de10287f3a4fb58","name":"Ema92150@","sameAs":["https:\/\/camping-laplage.emavista.fr"]}]}},"_links":{"self":[{"href":"https:\/\/www.camping-laplage.com\/de\/wp-json\/wp\/v2\/posts\/4833","targetHints":{"allow":["GET"]}}],"collection":[{"href":"https:\/\/www.camping-laplage.com\/de\/wp-json\/wp\/v2\/posts"}],"about":[{"href":"https:\/\/www.camping-laplage.com\/de\/wp-json\/wp\/v2\/types\/post"}],"author":[{"embeddable":true,"href":"https:\/\/www.camping-laplage.com\/de\/wp-json\/wp\/v2\/users\/1"}],"replies":[{"embeddable":true,"href":"https:\/\/www.camping-laplage.com\/de\/wp-json\/wp\/v2\/comments?post=4833"}],"version-history":[{"count":1,"href":"https:\/\/www.camping-laplage.com\/de\/wp-json\/wp\/v2\/posts\/4833\/revisions"}],"predecessor-version":[{"id":4839,"href":"https:\/\/www.camping-laplage.com\/de\/wp-json\/wp\/v2\/posts\/4833\/revisions\/4839"}],"wp:featuredmedia":[{"embeddable":true,"href":"https:\/\/www.camping-laplage.com\/de\/wp-json\/wp\/v2\/media\/4834"}],"wp:attachment":[{"href":"https:\/\/www.camping-laplage.com\/de\/wp-json\/wp\/v2\/media?parent=4833"}],"wp:term":[{"taxonomy":"category","embeddable":true,"href":"https:\/\/www.camping-laplage.com\/de\/wp-json\/wp\/v2\/categories?post=4833"},{"taxonomy":"post_tag","embeddable":true,"href":"https:\/\/www.camping-laplage.com\/de\/wp-json\/wp\/v2\/tags?post=4833"}],"curies":[{"name":"wp","href":"https:\/\/api.w.org\/{rel}","templated":true}]}}