{"id":4361,"date":"2026-01-27T09:21:12","date_gmt":"2026-01-27T09:21:12","guid":{"rendered":"https:\/\/www.camping-laplage.com\/camping-la-plage-cerca-de-sarlat-la-caneda\/"},"modified":"2026-04-20T09:39:50","modified_gmt":"2026-04-20T09:39:50","slug":"camping-la-plage-cerca-de-sarlat-la-caneda","status":"publish","type":"post","link":"https:\/\/www.camping-laplage.com\/es\/camping-la-plage-cerca-de-sarlat-la-caneda\/","title":{"rendered":"Camping la Plage cerca de Sarlat-la-Can\u00e9da"},"content":{"rendered":"\t\t<div data-elementor-type=\"wp-page\" data-elementor-id=\"4361\" class=\"elementor elementor-4361 elementor-2239\" data-elementor-post-type=\"post\">\n\t\t\t\t<div class=\"elementor-element elementor-element-522b8da e-flex e-con-boxed e-con e-parent\" data-id=\"522b8da\" data-element_type=\"container\" data-e-type=\"container\" data-settings=\"{&quot;background_background&quot;:&quot;classic&quot;}\">\n\t\t\t\t\t<div class=\"e-con-inner\">\n\t\t\t\t<div class=\"elementor-element elementor-element-e6bcc94 elementor-widget elementor-widget-heading\" data-id=\"e6bcc94\" data-element_type=\"widget\" data-e-type=\"widget\" data-widget_type=\"heading.default\">\n\t\t\t\t<div class=\"elementor-widget-container\">\n\t\t\t\t\t<h1 class=\"elementor-heading-title elementor-size-default\">Visitar Sarlat-la-Can\u00e9da: Capital del P\u00e9rigord Negro<\/h1>\t\t\t\t<\/div>\n\t\t\t\t<\/div>\n\t\t\t\t<div class=\"elementor-element elementor-element-7d8d95b elementor-widget elementor-widget-heading\" data-id=\"7d8d95b\" data-element_type=\"widget\" data-e-type=\"widget\" data-widget_type=\"heading.default\">\n\t\t\t\t<div class=\"elementor-widget-container\">\n\t\t\t\t\t<h2 class=\"elementor-heading-title elementor-size-default\">Cerca del Camping La Plage en Meyronne<\/h2>\t\t\t\t<\/div>\n\t\t\t\t<\/div>\n\t\t\t\t\t<\/div>\n\t\t\t\t<\/div>\n\t\t<div class=\"elementor-element elementor-element-ac68f3b e-con-full e-flex e-con e-parent\" data-id=\"ac68f3b\" data-element_type=\"container\" data-e-type=\"container\">\n\t\t\t\t<div class=\"elementor-element elementor-element-4b9cd8d elementor-widget elementor-widget-shortcode\" data-id=\"4b9cd8d\" data-element_type=\"widget\" data-e-type=\"widget\" data-widget_type=\"shortcode.default\">\n\t\t\t\t<div class=\"elementor-widget-container\">\n\t\t\t\t\t\t\t<div class=\"elementor-shortcode\">\t\t<div data-elementor-type=\"section\" data-elementor-id=\"4190\" class=\"elementor elementor-4190 elementor-53 elementor-53\" data-elementor-post-type=\"elementor_library\">\n\t\t\t<div class=\"elementor-element elementor-element-081a621 e-flex e-con-boxed e-con e-parent\" data-id=\"081a621\" data-element_type=\"container\" data-e-type=\"container\" data-settings=\"{&quot;background_background&quot;:&quot;classic&quot;}\">\n\t\t\t\t\t<div class=\"e-con-inner\">\n\t\t\t\t<div class=\"elementor-element elementor-element-59ef112 elementor-widget elementor-widget-html\" data-id=\"59ef112\" data-element_type=\"widget\" data-e-type=\"widget\" data-widget_type=\"html.default\">\n\t\t\t\t<div class=\"elementor-widget-container\">\n\t\t\t\t\t<ctv-searchbar><\/ctv-searchbar><\/ctv-searchbar>\t\t\t\t<\/div>\n\t\t\t\t<\/div>\n\t\t\t\t\t<\/div>\n\t\t\t\t<\/div>\n\t\t\t\t<\/div>\n\t\t<\/div>\n\t\t\t\t\t\t<\/div>\n\t\t\t\t<\/div>\n\t\t\t\t<\/div>\n\t\t<div class=\"elementor-element elementor-element-4220ee8 e-flex e-con-boxed e-con e-parent\" data-id=\"4220ee8\" data-element_type=\"container\" data-e-type=\"container\" data-settings=\"{&quot;background_background&quot;:&quot;classic&quot;}\">\n\t\t\t\t\t<div class=\"e-con-inner\">\n\t\t\t\t<div class=\"elementor-element elementor-element-3caaa4f elementor-invisible elementor-widget elementor-widget-heading\" data-id=\"3caaa4f\" data-element_type=\"widget\" data-e-type=\"widget\" data-settings=\"{&quot;_animation&quot;:&quot;fadeIn&quot;}\" data-widget_type=\"heading.default\">\n\t\t\t\t<div class=\"elementor-widget-container\">\n\t\t\t\t\t<p class=\"elementor-heading-title elementor-size-default\">Sarlat-la-Can\u00e9da, Joya medieval <\/p>\t\t\t\t<\/div>\n\t\t\t\t<\/div>\n\t\t\t\t<div class=\"elementor-element elementor-element-3a9e7ee elementor-invisible elementor-widget elementor-widget-heading\" data-id=\"3a9e7ee\" data-element_type=\"widget\" data-e-type=\"widget\" data-settings=\"{&quot;_animation&quot;:&quot;fadeIn&quot;}\" data-widget_type=\"heading.default\">\n\t\t\t\t<div class=\"elementor-widget-container\">\n\t\t\t\t\t<h2 class=\"elementor-heading-title elementor-size-default\">a menos de una hora del Camping La Plage en Meyronne<\/h2>\t\t\t\t<\/div>\n\t\t\t\t<\/div>\n\t\t\t\t<div class=\"elementor-element elementor-element-052db08 elementor-invisible elementor-widget elementor-widget-image\" data-id=\"052db08\" data-element_type=\"widget\" data-e-type=\"widget\" data-settings=\"{&quot;_animation&quot;:&quot;fadeIn&quot;}\" data-widget_type=\"image.default\">\n\t\t\t\t<div class=\"elementor-widget-container\">\n\t\t\t\t\t\t\t\t\t\t\t\t\t\t\t<img fetchpriority=\"high\" decoding=\"async\" width=\"500\" height=\"500\" src=\"https:\/\/www.camping-laplage.com\/wp-content\/uploads\/2025\/04\/Camping-de-la-plage-dans-le-lot-et-la-vallee-de-dordogne-ornementation-doree.svg\" class=\"attachment-large size-large wp-image-3418\" alt=\"\" \/>\t\t\t\t\t\t\t\t\t\t\t\t\t\t\t<\/div>\n\t\t\t\t<\/div>\n\t\t<div class=\"elementor-element elementor-element-3c75a2e e-con-full e-flex e-con e-child\" data-id=\"3c75a2e\" data-element_type=\"container\" data-e-type=\"container\">\n\t\t<div class=\"elementor-element elementor-element-3cfcd80 e-con-full e-flex elementor-invisible e-con e-child\" data-id=\"3cfcd80\" data-element_type=\"container\" data-e-type=\"container\" data-settings=\"{&quot;animation&quot;:&quot;fadeInLeft&quot;}\">\n\t\t\t\t<div class=\"elementor-element elementor-element-2ce1ea2 elementor-widget elementor-widget-text-editor\" data-id=\"2ce1ea2\" data-element_type=\"widget\" data-e-type=\"widget\" data-widget_type=\"text-editor.default\">\n\t\t\t\t<div class=\"elementor-widget-container\">\n\t\t\t\t\t\t\t\t\t<p>A menos de 40 minutos del <strong data-start=\"123\" data-end=\"154\">Camping La Plage en Meyronne<\/strong>, <strong data-start=\"156\" data-end=\"176\">Sarlat-la-Can\u00e9da<\/strong> es una de las ciudades m\u00e1s emblem\u00e1ticas del <strong data-start=\"224\" data-end=\"241\">P\u00e9rigord Negro<\/strong>. Se visita por su <strong data-start=\"263\" data-end=\"312\">centro hist\u00f3rico excepcionalmente conservado<\/strong>, sus plazas animadas y su arte de vivir gastron\u00f3mico (mercados, foie gras, nueces&#8230; y por supuesto trufa). <\/p><p>En un d\u00eda, puedes hacer un recorrido muy completo: patrimonio, pausa de compras, terraza y un peque\u00f1o desv\u00edo natural al final de la tarde.<\/p>\t\t\t\t\t\t\t\t<\/div>\n\t\t\t\t<\/div>\n\t\t\t\t<\/div>\n\t\t<div class=\"elementor-element elementor-element-6ba313e e-con-full e-flex elementor-invisible e-con e-child\" data-id=\"6ba313e\" data-element_type=\"container\" data-e-type=\"container\" data-settings=\"{&quot;animation&quot;:&quot;fadeInRight&quot;}\">\n\t\t\t\t<div class=\"elementor-element elementor-element-946b08e elementor-widget elementor-widget-image\" data-id=\"946b08e\" data-element_type=\"widget\" data-e-type=\"widget\" data-widget_type=\"image.default\">\n\t\t\t\t<div class=\"elementor-widget-container\">\n\t\t\t\t\t\t\t\t\t\t\t\t\t\t\t<img decoding=\"async\" width=\"800\" height=\"533\" src=\"https:\/\/www.camping-laplage.com\/wp-content\/uploads\/2026\/01\/Camping-au-bord-de-la-Dordogne-dans-le-Lot-Camping-la-Plage-a-Meyronne-Camping-proche-de-Sarlat-la-Caneda.jpg\" class=\"attachment-large size-large wp-image-4365\" alt=\"\" srcset=\"https:\/\/www.camping-laplage.com\/wp-content\/uploads\/2026\/01\/Camping-au-bord-de-la-Dordogne-dans-le-Lot-Camping-la-Plage-a-Meyronne-Camping-proche-de-Sarlat-la-Caneda.jpg 900w, https:\/\/www.camping-laplage.com\/wp-content\/uploads\/2026\/01\/Camping-au-bord-de-la-Dordogne-dans-le-Lot-Camping-la-Plage-a-Meyronne-Camping-proche-de-Sarlat-la-Caneda-300x200.jpg 300w, https:\/\/www.camping-laplage.com\/wp-content\/uploads\/2026\/01\/Camping-au-bord-de-la-Dordogne-dans-le-Lot-Camping-la-Plage-a-Meyronne-Camping-proche-de-Sarlat-la-Caneda-768x512.jpg 768w\" sizes=\"(max-width: 800px) 100vw, 800px\" \/>\t\t\t\t\t\t\t\t\t\t\t\t\t\t\t<\/div>\n\t\t\t\t<\/div>\n\t\t\t\t<\/div>\n\t\t\t\t<\/div>\n\t\t\t\t\t<\/div>\n\t\t\t\t<\/div>\n\t\t<div class=\"elementor-element elementor-element-76a30c5 e-con-full e-flex e-con e-parent\" data-id=\"76a30c5\" data-element_type=\"container\" data-e-type=\"container\" data-settings=\"{&quot;background_background&quot;:&quot;classic&quot;}\">\n\t\t<div class=\"elementor-element elementor-element-73c2474 e-con-full e-flex elementor-invisible e-con e-child\" data-id=\"73c2474\" data-element_type=\"container\" data-e-type=\"container\" data-settings=\"{&quot;animation&quot;:&quot;fadeInLeft&quot;}\">\n\t\t\t\t<div class=\"elementor-element elementor-element-d6c3891 elementor-widget elementor-widget-image\" data-id=\"d6c3891\" data-element_type=\"widget\" data-e-type=\"widget\" data-widget_type=\"image.default\">\n\t\t\t\t<div class=\"elementor-widget-container\">\n\t\t\t\t\t\t\t\t\t\t\t\t\t\t\t<img decoding=\"async\" width=\"800\" height=\"533\" src=\"https:\/\/www.camping-laplage.com\/wp-content\/uploads\/2026\/01\/Camping-au-bord-de-la-Dordogne-dans-le-Lot-Camping-la-Plage-a-Meyronne-Camping-proche-de-Sarlat-la-Caneda-Lanterne-des-morts.jpg\" class=\"attachment-large size-large wp-image-4364\" alt=\"\" srcset=\"https:\/\/www.camping-laplage.com\/wp-content\/uploads\/2026\/01\/Camping-au-bord-de-la-Dordogne-dans-le-Lot-Camping-la-Plage-a-Meyronne-Camping-proche-de-Sarlat-la-Caneda-Lanterne-des-morts.jpg 900w, https:\/\/www.camping-laplage.com\/wp-content\/uploads\/2026\/01\/Camping-au-bord-de-la-Dordogne-dans-le-Lot-Camping-la-Plage-a-Meyronne-Camping-proche-de-Sarlat-la-Caneda-Lanterne-des-morts-300x200.jpg 300w, https:\/\/www.camping-laplage.com\/wp-content\/uploads\/2026\/01\/Camping-au-bord-de-la-Dordogne-dans-le-Lot-Camping-la-Plage-a-Meyronne-Camping-proche-de-Sarlat-la-Caneda-Lanterne-des-morts-768x512.jpg 768w\" sizes=\"(max-width: 800px) 100vw, 800px\" \/>\t\t\t\t\t\t\t\t\t\t\t\t\t\t\t<\/div>\n\t\t\t\t<\/div>\n\t\t\t\t<\/div>\n\t\t<div class=\"elementor-element elementor-element-f7d27ed e-con-full e-flex elementor-invisible e-con e-child\" data-id=\"f7d27ed\" data-element_type=\"container\" data-e-type=\"container\" data-settings=\"{&quot;animation&quot;:&quot;fadeInRight&quot;}\">\n\t\t\t\t<div class=\"elementor-element elementor-element-984f8b3 elementor-widget elementor-widget-heading\" data-id=\"984f8b3\" data-element_type=\"widget\" data-e-type=\"widget\" data-widget_type=\"heading.default\">\n\t\t\t\t<div class=\"elementor-widget-container\">\n\t\t\t\t\t<h3 class=\"elementor-heading-title elementor-size-default\">Actividades culturales: catedral, Linterna de los Muertos y Renacimiento<\/h3>\t\t\t\t<\/div>\n\t\t\t\t<\/div>\n\t\t\t\t<div class=\"elementor-element elementor-element-f654238 elementor-widget-divider--view-line elementor-widget elementor-widget-divider\" data-id=\"f654238\" data-element_type=\"widget\" data-e-type=\"widget\" data-widget_type=\"divider.default\">\n\t\t\t\t<div class=\"elementor-widget-container\">\n\t\t\t\t\t\t\t<div class=\"elementor-divider\">\n\t\t\t<span class=\"elementor-divider-separator\">\n\t\t\t\t\t\t<\/span>\n\t\t<\/div>\n\t\t\t\t\t\t<\/div>\n\t\t\t\t<\/div>\n\t\t\t\t<div class=\"elementor-element elementor-element-e4ee05b elementor-widget elementor-widget-text-editor\" data-id=\"e4ee05b\" data-element_type=\"widget\" data-e-type=\"widget\" data-widget_type=\"text-editor.default\">\n\t\t\t\t<div class=\"elementor-widget-container\">\n\t\t\t\t\t\t\t\t\t<div class=\"flex flex-col text-sm pb-25\"><article class=\"text-token-text-primary w-full focus:outline-none [--shadow-height:45px] has-data-writing-block:pointer-events-none has-data-writing-block:-mt-(--shadow-height) has-data-writing-block:pt-(--shadow-height) [&amp;:has([data-writing-block])&gt;*]:pointer-events-auto scroll-mt-[calc(var(--header-height)+min(200px,max(70px,20svh)))]\" dir=\"auto\" tabindex=\"-1\" data-turn-id=\"37624e8b-302f-4d3a-a174-d755718ba708\" data-testid=\"conversation-turn-18\" data-scroll-anchor=\"true\" data-turn=\"assistant\"><div class=\"text-base my-auto mx-auto pb-10 [--thread-content-margin:--spacing(4)] @w-sm\/main:[--thread-content-margin:--spacing(6)] @w-lg\/main:[--thread-content-margin:--spacing(16)] px-(--thread-content-margin)\"><div class=\"[--thread-content-max-width:40rem] @w-lg\/main:[--thread-content-max-width:48rem] mx-auto max-w-(--thread-content-max-width) flex-1 group\/turn-messages focus-visible:outline-hidden relative flex w-full min-w-0 flex-col agent-turn\" tabindex=\"-1\"><div class=\"flex max-w-full flex-col grow\"><div class=\"min-h-8 text-message relative flex w-full flex-col items-end gap-2 text-start break-words whitespace-normal [.text-message+&amp;]:mt-1\" dir=\"auto\" data-message-author-role=\"assistant\" data-message-id=\"7f29ab20-b295-4a34-b33c-99535f1f15f3\" data-message-model-slug=\"gpt-5-2-thinking\"><div class=\"flex w-full flex-col gap-1 empty:hidden first:pt-[1px]\"><div class=\"markdown prose dark:prose-invert w-full wrap-break-word light markdown-new-styling\"><div class=\"text-base my-auto mx-auto pb-10 [--thread-content-margin:--spacing(4)] @w-sm\/main:[--thread-content-margin:--spacing(6)] @w-lg\/main:[--thread-content-margin:--spacing(16)] px-(--thread-content-margin)\"><div class=\"[--thread-content-max-width:40rem] @w-lg\/main:[--thread-content-max-width:48rem] mx-auto max-w-(--thread-content-max-width) flex-1 group\/turn-messages focus-visible:outline-hidden relative flex w-full min-w-0 flex-col agent-turn\" tabindex=\"-1\"><div class=\"flex max-w-full flex-col grow\"><div class=\"min-h-8 text-message relative flex w-full flex-col items-end gap-2 text-start break-words whitespace-normal [.text-message+&amp;]:mt-1\" dir=\"auto\" data-message-author-role=\"assistant\" data-message-id=\"ef07020e-7519-4c8c-9f96-40517db7c693\" data-message-model-slug=\"gpt-5-2-thinking\"><div class=\"flex w-full flex-col gap-1 empty:hidden first:pt-[1px]\"><div class=\"markdown prose dark:prose-invert w-full wrap-break-word light markdown-new-styling\"><div class=\"flex flex-col text-sm pb-25\"><article class=\"text-token-text-primary w-full focus:outline-none [--shadow-height:45px] has-data-writing-block:pointer-events-none has-data-writing-block:-mt-(--shadow-height) has-data-writing-block:pt-(--shadow-height) [&amp;:has([data-writing-block])&gt;*]:pointer-events-auto scroll-mt-[calc(var(--header-height)+min(200px,max(70px,20svh)))]\" dir=\"auto\" tabindex=\"-1\" data-turn-id=\"253ec615-7073-411b-85f1-b52cf789d6e5\" data-testid=\"conversation-turn-34\" data-scroll-anchor=\"true\" data-turn=\"assistant\"><div class=\"text-base my-auto mx-auto pb-10 [--thread-content-margin:--spacing(4)] @w-sm\/main:[--thread-content-margin:--spacing(6)] @w-lg\/main:[--thread-content-margin:--spacing(16)] px-(--thread-content-margin)\"><div class=\"[--thread-content-max-width:40rem] @w-lg\/main:[--thread-content-max-width:48rem] mx-auto max-w-(--thread-content-max-width) flex-1 group\/turn-messages focus-visible:outline-hidden relative flex w-full min-w-0 flex-col agent-turn\" tabindex=\"-1\"><div class=\"flex max-w-full flex-col grow\"><div class=\"min-h-8 text-message relative flex w-full flex-col items-end gap-2 text-start break-words whitespace-normal [.text-message+&amp;]:mt-1\" dir=\"auto\" data-message-author-role=\"assistant\" data-message-id=\"cafc55b8-4568-464c-9cfe-7c844ab8fb45\" data-message-model-slug=\"gpt-5-2-thinking\"><div class=\"flex w-full flex-col gap-1 empty:hidden first:pt-[1px]\"><div class=\"markdown prose dark:prose-invert w-full wrap-break-word light markdown-new-styling\"><p data-start=\"0\" data-end=\"608\">Empieza por el coraz\u00f3n medieval, alrededor de la <strong data-start=\"689\" data-end=\"712\">Plaza de la Libertad<\/strong>, verdadero punto central de la ciudad (y una de las mejores zonas para \u00abtomar el pulso\u00bb de Sarlat). Contin\u00faa con la <strong data-start=\"876\" data-end=\"905\">catedral de Saint-Sacerdos<\/strong>, monumento emblem\u00e1tico de Sarlat, clasificado como <strong data-start=\"940\" data-end=\"963\">Monumento hist\u00f3rico<\/strong> (referencia frecuentemente indicada: <strong data-start=\"994\" data-end=\"1002\">1840<\/strong>). <br data-start=\"1042\" data-end=\"1045\">Justo detr\u00e1s, no te pierdas la <strong data-start=\"1079\" data-end=\"1101\">Linterna de los Muertos<\/strong>, situada en el <strong data-start=\"1118\" data-end=\"1139\">jard\u00edn de los Enfeus<\/strong>: es uno de los edificios m\u00e1s singulares y fotografiados del centro hist\u00f3rico. Por \u00faltimo, a\u00f1ade un toque renacentista con la <strong data-start=\"1311\" data-end=\"1334\">Casa de La Bo\u00e9tie<\/strong> (siglo XVI), un bello ejemplo de arquitectura refinada en el coraz\u00f3n de la ciudad.  <\/p><\/div><\/div><\/div><\/div><\/div><\/div><\/article><\/div><\/div><\/div><\/div><\/div><\/div><\/div><\/div><\/div><\/div><\/div><\/div><\/div><\/article><\/div>\t\t\t\t\t\t\t\t<\/div>\n\t\t\t\t<\/div>\n\t\t\t\t<\/div>\n\t\t\t\t<\/div>\n\t\t<div class=\"elementor-element elementor-element-3c5e19f e-con-full e-flex e-con e-parent\" data-id=\"3c5e19f\" data-element_type=\"container\" data-e-type=\"container\" data-settings=\"{&quot;background_background&quot;:&quot;classic&quot;}\">\n\t\t<div class=\"elementor-element elementor-element-5a25bb7 e-con-full e-flex elementor-invisible e-con e-child\" data-id=\"5a25bb7\" data-element_type=\"container\" data-e-type=\"container\" data-settings=\"{&quot;animation&quot;:&quot;fadeInLeft&quot;}\">\n\t\t\t\t<div class=\"elementor-element elementor-element-5b5e811 elementor-widget elementor-widget-heading\" data-id=\"5b5e811\" data-element_type=\"widget\" data-e-type=\"widget\" data-widget_type=\"heading.default\">\n\t\t\t\t<div class=\"elementor-widget-container\">\n\t\t\t\t\t<h3 class=\"elementor-heading-title elementor-size-default\">Mercados, Fiesta de la Trufa y Festival de Cine<\/h3>\t\t\t\t<\/div>\n\t\t\t\t<\/div>\n\t\t\t\t<div class=\"elementor-element elementor-element-c18f943 elementor-widget-divider--view-line elementor-widget elementor-widget-divider\" data-id=\"c18f943\" data-element_type=\"widget\" data-e-type=\"widget\" data-widget_type=\"divider.default\">\n\t\t\t\t<div class=\"elementor-widget-container\">\n\t\t\t\t\t\t\t<div class=\"elementor-divider\">\n\t\t\t<span class=\"elementor-divider-separator\">\n\t\t\t\t\t\t<\/span>\n\t\t<\/div>\n\t\t\t\t\t\t<\/div>\n\t\t\t\t<\/div>\n\t\t\t\t<div class=\"elementor-element elementor-element-d5c0aad elementor-widget__width-initial elementor-widget elementor-widget-text-editor\" data-id=\"d5c0aad\" data-element_type=\"widget\" data-e-type=\"widget\" data-widget_type=\"text-editor.default\">\n\t\t\t\t<div class=\"elementor-widget-container\">\n\t\t\t\t\t\t\t\t\t<article class=\"text-token-text-primary w-full focus:outline-none [--shadow-height:45px] has-data-writing-block:pointer-events-none has-data-writing-block:-mt-(--shadow-height) has-data-writing-block:pt-(--shadow-height) [&amp;:has([data-writing-block])&gt;*]:pointer-events-auto scroll-mt-[calc(var(--header-height)+min(200px,max(70px,20svh)))]\" dir=\"auto\" tabindex=\"-1\" data-turn-id=\"ab3cc7a4-8e76-46e3-98be-9809e59f4c51\" data-testid=\"conversation-turn-16\" data-scroll-anchor=\"false\" data-turn=\"assistant\"><div class=\"text-base my-auto mx-auto [--thread-content-margin:--spacing(4)] @w-sm\/main:[--thread-content-margin:--spacing(6)] @w-lg\/main:[--thread-content-margin:--spacing(16)] px-(--thread-content-margin)\"><div class=\"[--thread-content-max-width:40rem] @w-lg\/main:[--thread-content-max-width:48rem] mx-auto max-w-(--thread-content-max-width) flex-1 group\/turn-messages focus-visible:outline-hidden relative flex w-full min-w-0 flex-col agent-turn\" tabindex=\"-1\"><div class=\"flex max-w-full flex-col grow\"><div class=\"min-h-8 text-message relative flex w-full flex-col items-end gap-2 text-start break-words whitespace-normal [.text-message+&amp;]:mt-1\" dir=\"auto\" data-message-author-role=\"assistant\" data-message-id=\"182735af-6446-46d7-9de6-096e1f40220e\" data-message-model-slug=\"gpt-5-2-thinking\"><div class=\"flex w-full flex-col gap-1 empty:hidden first:pt-[1px]\"><div class=\"markdown prose dark:prose-invert w-full wrap-break-word light markdown-new-styling\"><p data-start=\"1347\" data-end=\"1409\">Sarlat tambi\u00e9n se vive a trav\u00e9s de sus citas. El <strong data-start=\"1822\" data-end=\"1845\">mercado tradicional<\/strong> es una instituci\u00f3n: <strong data-start=\"1868\" data-end=\"1886\">mi\u00e9rcoles por la ma\u00f1ana<\/strong> (alimentaci\u00f3n) y <strong data-start=\"1904\" data-end=\"1914\">s\u00e1bado<\/strong> (gran mercado), con en invierno un <strong data-start=\"1948\" data-end=\"1966\">mercado de productos grasos<\/strong> el s\u00e1bado por la ma\u00f1ana. <br data-start=\"2021\" data-end=\"2024\">En cuanto a grandes eventos, la <strong data-start=\"2051\" data-end=\"2072\">Fiesta de la Trufa<\/strong> y la <strong data-start=\"2078\" data-end=\"2129\">Academia culinaria del Foie gras y de la Trufa<\/strong> transforman la ciudad en capital gastron\u00f3mica.<br data-start=\"2292\" data-end=\"2295\" data-is-only-node=\"\">Por \u00faltimo, los cin\u00e9filos conocen el <strong data-start=\"2332\" data-end=\"2362\">Festival de Cine de Sarlat<\/strong>: la programaci\u00f3n y los encuentros se celebran generalmente a principios de noviembre. <\/p><\/div><\/div><\/div><\/div><\/div><\/div><\/article><article class=\"text-token-text-primary w-full focus:outline-none [--shadow-height:45px] has-data-writing-block:pointer-events-none has-data-writing-block:-mt-(--shadow-height) has-data-writing-block:pt-(--shadow-height) [&amp;:has([data-writing-block])&gt;*]:pointer-events-auto scroll-mt-(--header-height)\" dir=\"auto\" tabindex=\"-1\" data-turn-id=\"c744063d-9b28-4fc4-97e1-cf44ecd97e85\" data-testid=\"conversation-turn-17\" data-scroll-anchor=\"false\" data-turn=\"user\"><\/article>\t\t\t\t\t\t\t\t<\/div>\n\t\t\t\t<\/div>\n\t\t\t\t<\/div>\n\t\t<div class=\"elementor-element elementor-element-348820c e-con-full e-flex elementor-invisible e-con e-child\" data-id=\"348820c\" data-element_type=\"container\" data-e-type=\"container\" data-settings=\"{&quot;animation&quot;:&quot;fadeInRight&quot;}\">\n\t\t\t\t<div class=\"elementor-element elementor-element-693dff0 elementor-widget elementor-widget-image\" data-id=\"693dff0\" data-element_type=\"widget\" data-e-type=\"widget\" data-widget_type=\"image.default\">\n\t\t\t\t<div class=\"elementor-widget-container\">\n\t\t\t\t\t\t\t\t\t\t\t\t\t\t\t<img loading=\"lazy\" decoding=\"async\" width=\"800\" height=\"533\" src=\"https:\/\/www.camping-laplage.com\/wp-content\/uploads\/2026\/01\/Camping-au-bord-de-la-Dordogne-dans-le-Lot-Camping-la-Plage-a-Meyronne-Camping-proche-de-Sarlat-la-Caneda-Truffe.jpg\" class=\"attachment-large size-large wp-image-4363\" alt=\"\" srcset=\"https:\/\/www.camping-laplage.com\/wp-content\/uploads\/2026\/01\/Camping-au-bord-de-la-Dordogne-dans-le-Lot-Camping-la-Plage-a-Meyronne-Camping-proche-de-Sarlat-la-Caneda-Truffe.jpg 900w, https:\/\/www.camping-laplage.com\/wp-content\/uploads\/2026\/01\/Camping-au-bord-de-la-Dordogne-dans-le-Lot-Camping-la-Plage-a-Meyronne-Camping-proche-de-Sarlat-la-Caneda-Truffe-300x200.jpg 300w, https:\/\/www.camping-laplage.com\/wp-content\/uploads\/2026\/01\/Camping-au-bord-de-la-Dordogne-dans-le-Lot-Camping-la-Plage-a-Meyronne-Camping-proche-de-Sarlat-la-Caneda-Truffe-768x512.jpg 768w\" sizes=\"(max-width: 800px) 100vw, 800px\" \/>\t\t\t\t\t\t\t\t\t\t\t\t\t\t\t<\/div>\n\t\t\t\t<\/div>\n\t\t\t\t<\/div>\n\t\t\t\t<\/div>\n\t\t<div class=\"elementor-element elementor-element-24678c5 e-con-full e-flex e-con e-parent\" data-id=\"24678c5\" data-element_type=\"container\" data-e-type=\"container\" data-settings=\"{&quot;background_background&quot;:&quot;classic&quot;}\">\n\t\t<div class=\"elementor-element elementor-element-42dcdeb e-con-full e-flex elementor-invisible e-con e-child\" data-id=\"42dcdeb\" data-element_type=\"container\" data-e-type=\"container\" data-settings=\"{&quot;animation&quot;:&quot;fadeInLeft&quot;}\">\n\t\t\t\t<div class=\"elementor-element elementor-element-74b587c elementor-widget elementor-widget-image\" data-id=\"74b587c\" data-element_type=\"widget\" data-e-type=\"widget\" data-widget_type=\"image.default\">\n\t\t\t\t<div class=\"elementor-widget-container\">\n\t\t\t\t\t\t\t\t\t\t\t\t\t\t\t<img loading=\"lazy\" decoding=\"async\" width=\"900\" height=\"600\" src=\"https:\/\/www.camping-laplage.com\/wp-content\/uploads\/2026\/01\/Camping-au-bord-de-la-Dordogne-dans-le-Lot-Camping-la-Plage-a-Meyronne-Camping-proche-de-Sarlat-la-Caneda-Randonnee.jpg\" class=\"attachment-full size-full wp-image-4362\" alt=\"\" srcset=\"https:\/\/www.camping-laplage.com\/wp-content\/uploads\/2026\/01\/Camping-au-bord-de-la-Dordogne-dans-le-Lot-Camping-la-Plage-a-Meyronne-Camping-proche-de-Sarlat-la-Caneda-Randonnee.jpg 900w, https:\/\/www.camping-laplage.com\/wp-content\/uploads\/2026\/01\/Camping-au-bord-de-la-Dordogne-dans-le-Lot-Camping-la-Plage-a-Meyronne-Camping-proche-de-Sarlat-la-Caneda-Randonnee-300x200.jpg 300w, https:\/\/www.camping-laplage.com\/wp-content\/uploads\/2026\/01\/Camping-au-bord-de-la-Dordogne-dans-le-Lot-Camping-la-Plage-a-Meyronne-Camping-proche-de-Sarlat-la-Caneda-Randonnee-768x512.jpg 768w\" sizes=\"(max-width: 900px) 100vw, 900px\" \/>\t\t\t\t\t\t\t\t\t\t\t\t\t\t\t<\/div>\n\t\t\t\t<\/div>\n\t\t\t\t<\/div>\n\t\t<div class=\"elementor-element elementor-element-15a6b1c e-con-full e-flex elementor-invisible e-con e-child\" data-id=\"15a6b1c\" data-element_type=\"container\" data-e-type=\"container\" data-settings=\"{&quot;animation&quot;:&quot;fadeInRight&quot;}\">\n\t\t\t\t<div class=\"elementor-element elementor-element-cb6c9e5 elementor-widget elementor-widget-heading\" data-id=\"cb6c9e5\" data-element_type=\"widget\" data-e-type=\"widget\" data-widget_type=\"heading.default\">\n\t\t\t\t<div class=\"elementor-widget-container\">\n\t\t\t\t\t<h3 class=\"elementor-heading-title elementor-size-default\">Senderismo: el circuito \"Alrededor de los castillos\"<\/h3>\t\t\t\t<\/div>\n\t\t\t\t<\/div>\n\t\t\t\t<div class=\"elementor-element elementor-element-54c6754 elementor-widget-divider--view-line elementor-widget elementor-widget-divider\" data-id=\"54c6754\" data-element_type=\"widget\" data-e-type=\"widget\" data-widget_type=\"divider.default\">\n\t\t\t\t<div class=\"elementor-widget-container\">\n\t\t\t\t\t\t\t<div class=\"elementor-divider\">\n\t\t\t<span class=\"elementor-divider-separator\">\n\t\t\t\t\t\t<\/span>\n\t\t<\/div>\n\t\t\t\t\t\t<\/div>\n\t\t\t\t<\/div>\n\t\t\t\t<div class=\"elementor-element elementor-element-c53adc4 elementor-widget elementor-widget-text-editor\" data-id=\"c53adc4\" data-element_type=\"widget\" data-e-type=\"widget\" data-widget_type=\"text-editor.default\">\n\t\t\t\t<div class=\"elementor-widget-container\">\n\t\t\t\t\t\t\t\t\t<p>Para caminar \u00absin complicaciones\u00bb, la Oficina de turismo destaca numerosos <strong data-start=\"2697\" data-end=\"2722\">circuitos del Sarladais<\/strong> (bosques, valles, aldeas de piedra rubia). <\/p><p>Muy accesible tambi\u00e9n: la <strong data-start=\"2835\" data-end=\"2865\">v\u00eda verde Sarlat\u2013Cazoul\u00e8s<\/strong>, agradable para un paseo a pie o en bicicleta, sobre una antigua v\u00eda f\u00e9rrea (ideal en familia o al final del d\u00eda).<\/p>\t\t\t\t\t\t\t\t<\/div>\n\t\t\t\t<\/div>\n\t\t\t\t<\/div>\n\t\t\t\t<\/div>\n\t\t<div class=\"elementor-element elementor-element-8b58d99 e-con-full e-flex e-con e-parent\" data-id=\"8b58d99\" data-element_type=\"container\" data-e-type=\"container\" data-settings=\"{&quot;background_background&quot;:&quot;classic&quot;}\">\n\t\t<div class=\"elementor-element elementor-element-d65a8a0 e-con-full e-flex elementor-invisible e-con e-child\" data-id=\"d65a8a0\" data-element_type=\"container\" data-e-type=\"container\" data-settings=\"{&quot;animation&quot;:&quot;fadeInLeft&quot;}\">\n\t\t\t\t<div class=\"elementor-element elementor-element-bc4af12 elementor-widget elementor-widget-heading\" data-id=\"bc4af12\" data-element_type=\"widget\" data-e-type=\"widget\" data-widget_type=\"heading.default\">\n\t\t\t\t<div class=\"elementor-widget-container\">\n\t\t\t\t\t<h3 class=\"elementor-heading-title elementor-size-default\">Acceso desde el Camping La Plage en Meyronne<\/h3>\t\t\t\t<\/div>\n\t\t\t\t<\/div>\n\t\t\t\t<div class=\"elementor-element elementor-element-c75cc23 elementor-widget-divider--view-line elementor-widget elementor-widget-divider\" data-id=\"c75cc23\" data-element_type=\"widget\" data-e-type=\"widget\" data-widget_type=\"divider.default\">\n\t\t\t\t<div class=\"elementor-widget-container\">\n\t\t\t\t\t\t\t<div class=\"elementor-divider\">\n\t\t\t<span class=\"elementor-divider-separator\">\n\t\t\t\t\t\t<\/span>\n\t\t<\/div>\n\t\t\t\t\t\t<\/div>\n\t\t\t\t<\/div>\n\t\t\t\t<div class=\"elementor-element elementor-element-7ca7c79 elementor-widget elementor-widget-text-editor\" data-id=\"7ca7c79\" data-element_type=\"widget\" data-e-type=\"widget\" data-widget_type=\"text-editor.default\">\n\t\t\t\t<div class=\"elementor-widget-container\">\n\t\t\t\t\t\t\t\t\t<p data-start=\"971\" data-end=\"1198\"><strong data-start=\"971\" data-end=\"987\">Itinerario:<br><\/strong>Desde el <strong data-start=\"147\" data-end=\"178\">Camping La Plage en Meyronne<\/strong>, dir\u00edgete a <strong data-start=\"190\" data-end=\"202\">Souillac<\/strong> por la <strong data-start=\"210\" data-end=\"217\">D15<\/strong> (acceso principal del camping). Una vez en Souillac, sigue las indicaciones <strong data-start=\"330\" data-end=\"358\">\u00abSarlat \/ P\u00e9rigord Negro\u00bb<\/strong> y toma la <strong data-start=\"372\" data-end=\"380\">D703<\/strong> (frecuentemente indicada como <strong data-start=\"405\" data-end=\"425\">Avenue de Sarlat<\/strong> a la salida de Souillac). <\/p>\t\t\t\t\t\t\t\t<\/div>\n\t\t\t\t<\/div>\n\t\t\t\t<\/div>\n\t\t\t\t<\/div>\n\t\t\t\t<\/div>\n\t\t","protected":false},"excerpt":{"rendered":"<p>A menos de 40 minutos del Camping La Plage en Meyronne, Sarlat-la-Can\u00e9da es una de las ciudades m\u00e1s emblem\u00e1ticas del P\u00e9rigord Negro. Se visita por su centro hist\u00f3rico excepcionalmente conservado, sus plazas animadas y su arte de vivir gastron\u00f3mico. <\/p>\n","protected":false},"author":1,"featured_media":4366,"comment_status":"open","ping_status":"closed","sticky":false,"template":"","format":"standard","meta":{"footnotes":""},"categories":[93,92],"tags":[],"class_list":["post-4361","post","type-post","status-publish","format-standard","has-post-thumbnail","hentry","category-ciudades-y-pueblos","category-naturaleza-y-senderismo"],"yoast_head":"<!-- This site is optimized with the Yoast SEO plugin v27.5 - https:\/\/yoast.com\/product\/yoast-seo-wordpress\/ -->\n<title>Visitar Sarlat-la-Can\u00e9da - Camping La Plage \u00e0 Meyronne \ud83d\udca6<\/title>\n<meta name=\"description\" content=\"Sarlat-la-Can\u00e9da: catedral, Casa de La Bo\u00e9tie, mercados y paseos. A 40 min del Camping la Plage en Meyronne a orillas del Dordo\u00f1a.\" \/>\n<meta name=\"robots\" content=\"index, follow, max-snippet:-1, max-image-preview:large, max-video-preview:-1\" \/>\n<link rel=\"canonical\" href=\"https:\/\/www.camping-laplage.com\/es\/camping-la-plage-cerca-de-sarlat-la-caneda\/\" \/>\n<meta property=\"og:locale\" content=\"es_ES\" \/>\n<meta property=\"og:type\" content=\"article\" \/>\n<meta property=\"og:title\" content=\"Visitar Sarlat-la-Can\u00e9da - Camping La Plage \u00e0 Meyronne \ud83d\udca6\" \/>\n<meta property=\"og:description\" content=\"Sarlat-la-Can\u00e9da: catedral, Casa de La Bo\u00e9tie, mercados y paseos. A 40 min del Camping la Plage en Meyronne a orillas del Dordo\u00f1a.\" \/>\n<meta property=\"og:url\" content=\"https:\/\/www.camping-laplage.com\/es\/camping-la-plage-cerca-de-sarlat-la-caneda\/\" \/>\n<meta property=\"og:site_name\" content=\"Camping La Plage \u00e0 Meyronne\" \/>\n<meta property=\"article:publisher\" content=\"https:\/\/www.facebook.com\/campinglaplagemeyronne\/\" \/>\n<meta property=\"article:published_time\" content=\"2026-01-27T09:21:12+00:00\" \/>\n<meta property=\"article:modified_time\" content=\"2026-04-20T09:39:50+00:00\" \/>\n<meta property=\"og:image\" content=\"https:\/\/www.camping-laplage.com\/wp-content\/uploads\/2026\/01\/Camping-au-bord-de-la-Dordogne-dans-le-Lot-Camping-La-Plage-a-Meyronne-Sarlat-la-Caneda.jpg\" \/>\n\t<meta property=\"og:image:width\" content=\"2000\" \/>\n\t<meta property=\"og:image:height\" content=\"900\" \/>\n\t<meta property=\"og:image:type\" content=\"image\/jpeg\" \/>\n<meta name=\"author\" content=\"Ema92150@\" \/>\n<meta name=\"twitter:card\" content=\"summary_large_image\" \/>\n<meta name=\"twitter:label1\" content=\"Escrito por\" \/>\n\t<meta name=\"twitter:data1\" content=\"Ema92150@\" \/>\n\t<meta name=\"twitter:label2\" content=\"Tiempo de lectura\" \/>\n\t<meta name=\"twitter:data2\" content=\"2 minutos\" \/>\n<script type=\"application\/ld+json\" class=\"yoast-schema-graph\">{\"@context\":\"https:\\\/\\\/schema.org\",\"@graph\":[{\"@type\":\"Article\",\"@id\":\"https:\\\/\\\/www.camping-laplage.com\\\/es\\\/camping-la-plage-cerca-de-sarlat-la-caneda\\\/#article\",\"isPartOf\":{\"@id\":\"https:\\\/\\\/www.camping-laplage.com\\\/es\\\/camping-la-plage-cerca-de-sarlat-la-caneda\\\/\"},\"author\":{\"name\":\"Ema92150@\",\"@id\":\"https:\\\/\\\/www.camping-laplage.com\\\/es\\\/#\\\/schema\\\/person\\\/77defc644360c4923de10287f3a4fb58\"},\"headline\":\"Camping la Plage cerca de Sarlat-la-Can\u00e9da\",\"datePublished\":\"2026-01-27T09:21:12+00:00\",\"dateModified\":\"2026-04-20T09:39:50+00:00\",\"mainEntityOfPage\":{\"@id\":\"https:\\\/\\\/www.camping-laplage.com\\\/es\\\/camping-la-plage-cerca-de-sarlat-la-caneda\\\/\"},\"wordCount\":463,\"commentCount\":0,\"publisher\":{\"@id\":\"https:\\\/\\\/www.camping-laplage.com\\\/es\\\/#organization\"},\"image\":{\"@id\":\"https:\\\/\\\/www.camping-laplage.com\\\/es\\\/camping-la-plage-cerca-de-sarlat-la-caneda\\\/#primaryimage\"},\"thumbnailUrl\":\"https:\\\/\\\/www.camping-laplage.com\\\/wp-content\\\/uploads\\\/2026\\\/01\\\/Camping-au-bord-de-la-Dordogne-dans-le-Lot-Camping-La-Plage-a-Meyronne-Sarlat-la-Caneda.jpg\",\"articleSection\":[\"Ciudades y Pueblos\",\"Naturaleza y Senderismo\"],\"inLanguage\":\"es\",\"potentialAction\":[{\"@type\":\"CommentAction\",\"name\":\"Comment\",\"target\":[\"https:\\\/\\\/www.camping-laplage.com\\\/es\\\/camping-la-plage-cerca-de-sarlat-la-caneda\\\/#respond\"]}]},{\"@type\":\"WebPage\",\"@id\":\"https:\\\/\\\/www.camping-laplage.com\\\/es\\\/camping-la-plage-cerca-de-sarlat-la-caneda\\\/\",\"url\":\"https:\\\/\\\/www.camping-laplage.com\\\/es\\\/camping-la-plage-cerca-de-sarlat-la-caneda\\\/\",\"name\":\"Visitar Sarlat-la-Can\u00e9da - Camping La Plage \u00e0 Meyronne \ud83d\udca6\",\"isPartOf\":{\"@id\":\"https:\\\/\\\/www.camping-laplage.com\\\/es\\\/#website\"},\"primaryImageOfPage\":{\"@id\":\"https:\\\/\\\/www.camping-laplage.com\\\/es\\\/camping-la-plage-cerca-de-sarlat-la-caneda\\\/#primaryimage\"},\"image\":{\"@id\":\"https:\\\/\\\/www.camping-laplage.com\\\/es\\\/camping-la-plage-cerca-de-sarlat-la-caneda\\\/#primaryimage\"},\"thumbnailUrl\":\"https:\\\/\\\/www.camping-laplage.com\\\/wp-content\\\/uploads\\\/2026\\\/01\\\/Camping-au-bord-de-la-Dordogne-dans-le-Lot-Camping-La-Plage-a-Meyronne-Sarlat-la-Caneda.jpg\",\"datePublished\":\"2026-01-27T09:21:12+00:00\",\"dateModified\":\"2026-04-20T09:39:50+00:00\",\"description\":\"Sarlat-la-Can\u00e9da: catedral, Casa de La Bo\u00e9tie, mercados y paseos. A 40 min del Camping la Plage en Meyronne a orillas del Dordo\u00f1a.\",\"breadcrumb\":{\"@id\":\"https:\\\/\\\/www.camping-laplage.com\\\/es\\\/camping-la-plage-cerca-de-sarlat-la-caneda\\\/#breadcrumb\"},\"inLanguage\":\"es\",\"potentialAction\":[{\"@type\":\"ReadAction\",\"target\":[\"https:\\\/\\\/www.camping-laplage.com\\\/es\\\/camping-la-plage-cerca-de-sarlat-la-caneda\\\/\"]}]},{\"@type\":\"ImageObject\",\"inLanguage\":\"es\",\"@id\":\"https:\\\/\\\/www.camping-laplage.com\\\/es\\\/camping-la-plage-cerca-de-sarlat-la-caneda\\\/#primaryimage\",\"url\":\"https:\\\/\\\/www.camping-laplage.com\\\/wp-content\\\/uploads\\\/2026\\\/01\\\/Camping-au-bord-de-la-Dordogne-dans-le-Lot-Camping-La-Plage-a-Meyronne-Sarlat-la-Caneda.jpg\",\"contentUrl\":\"https:\\\/\\\/www.camping-laplage.com\\\/wp-content\\\/uploads\\\/2026\\\/01\\\/Camping-au-bord-de-la-Dordogne-dans-le-Lot-Camping-La-Plage-a-Meyronne-Sarlat-la-Caneda.jpg\",\"width\":2000,\"height\":900},{\"@type\":\"BreadcrumbList\",\"@id\":\"https:\\\/\\\/www.camping-laplage.com\\\/es\\\/camping-la-plage-cerca-de-sarlat-la-caneda\\\/#breadcrumb\",\"itemListElement\":[{\"@type\":\"ListItem\",\"position\":1,\"name\":\"Accueil\",\"item\":\"https:\\\/\\\/www.camping-laplage.com\\\/es\\\/\"},{\"@type\":\"ListItem\",\"position\":2,\"name\":\"Sin categorizar\",\"item\":\"https:\\\/\\\/www.camping-laplage.com\\\/es\\\/category\\\/sin-categorizar\\\/\"},{\"@type\":\"ListItem\",\"position\":3,\"name\":\"Camping la Plage cerca de Sarlat-la-Can\u00e9da\"}]},{\"@type\":\"WebSite\",\"@id\":\"https:\\\/\\\/www.camping-laplage.com\\\/es\\\/#website\",\"url\":\"https:\\\/\\\/www.camping-laplage.com\\\/es\\\/\",\"name\":\"Camping La Plage \u00e0 Meyronne\",\"description\":\"Familles et couples recherchant un camping en Dordogne avec acc\u00e8s direct \u00e0 la rivi\u00e8re pr\u00e8s de Rocamadour pour des vacances nature dans le Lot.\",\"publisher\":{\"@id\":\"https:\\\/\\\/www.camping-laplage.com\\\/es\\\/#organization\"},\"alternateName\":\"Camping La Plage situ\u00e9 au bord de la Dordogne dans le Lot \u00e0 Meyronne, pr\u00e8s de Rocamadour et du Gouffre de Padirac. Le camping propose des emplacements, des mobil-homes et un acc\u00e8s direct \u00e0 la rivi\u00e8re pour les vacances nature et les activit\u00e9s de plein air dans la Vall\u00e9e de la Dordogne.\",\"potentialAction\":[{\"@type\":\"SearchAction\",\"target\":{\"@type\":\"EntryPoint\",\"urlTemplate\":\"https:\\\/\\\/www.camping-laplage.com\\\/es\\\/?s={search_term_string}\"},\"query-input\":{\"@type\":\"PropertyValueSpecification\",\"valueRequired\":true,\"valueName\":\"search_term_string\"}}],\"inLanguage\":\"es\"},{\"@type\":\"Organization\",\"@id\":\"https:\\\/\\\/www.camping-laplage.com\\\/es\\\/#organization\",\"name\":\"Familles et couples recherchant un camping en Dordogne avec acc\u00e8s direct \u00e0 la rivi\u00e8re pr\u00e8s de Rocamadour pour des vacances nature dans le Lot.\",\"alternateName\":\"Camping La Plage situ\u00e9 au bord de la Dordogne dans le Lot \u00e0 Meyronne, pr\u00e8s de Rocamadour et du Gouffre de Padirac. Le camping propose des emplacements, des mobil-homes et un acc\u00e8s direct \u00e0 la rivi\u00e8re pour les vacances nature et les activit\u00e9s de plein air dans la Vall\u00e9e de la Dordogne.\",\"url\":\"https:\\\/\\\/www.camping-laplage.com\\\/es\\\/\",\"logo\":{\"@type\":\"ImageObject\",\"inLanguage\":\"es\",\"@id\":\"https:\\\/\\\/www.camping-laplage.com\\\/es\\\/#\\\/schema\\\/logo\\\/image\\\/\",\"url\":\"https:\\\/\\\/www.camping-laplage.com\\\/wp-content\\\/uploads\\\/2026\\\/02\\\/Camping-la-Plage-au-bord-de-la-Dordogne-Logo.svg\",\"contentUrl\":\"https:\\\/\\\/www.camping-laplage.com\\\/wp-content\\\/uploads\\\/2026\\\/02\\\/Camping-la-Plage-au-bord-de-la-Dordogne-Logo.svg\",\"width\":1125,\"height\":1124,\"caption\":\"Familles et couples recherchant un camping en Dordogne avec acc\u00e8s direct \u00e0 la rivi\u00e8re pr\u00e8s de Rocamadour pour des vacances nature dans le Lot.\"},\"image\":{\"@id\":\"https:\\\/\\\/www.camping-laplage.com\\\/es\\\/#\\\/schema\\\/logo\\\/image\\\/\"},\"sameAs\":[\"https:\\\/\\\/www.facebook.com\\\/campinglaplagemeyronne\\\/\"]},{\"@type\":\"Person\",\"@id\":\"https:\\\/\\\/www.camping-laplage.com\\\/es\\\/#\\\/schema\\\/person\\\/77defc644360c4923de10287f3a4fb58\",\"name\":\"Ema92150@\",\"sameAs\":[\"https:\\\/\\\/camping-laplage.emavista.fr\"]}]}<\/script>\n<!-- \/ Yoast SEO plugin. -->","yoast_head_json":{"title":"Visitar Sarlat-la-Can\u00e9da - Camping La Plage \u00e0 Meyronne \ud83d\udca6","description":"Sarlat-la-Can\u00e9da: catedral, Casa de La Bo\u00e9tie, mercados y paseos. A 40 min del Camping la Plage en Meyronne a orillas del Dordo\u00f1a.","robots":{"index":"index","follow":"follow","max-snippet":"max-snippet:-1","max-image-preview":"max-image-preview:large","max-video-preview":"max-video-preview:-1"},"canonical":"https:\/\/www.camping-laplage.com\/es\/camping-la-plage-cerca-de-sarlat-la-caneda\/","og_locale":"es_ES","og_type":"article","og_title":"Visitar Sarlat-la-Can\u00e9da - Camping La Plage \u00e0 Meyronne \ud83d\udca6","og_description":"Sarlat-la-Can\u00e9da: catedral, Casa de La Bo\u00e9tie, mercados y paseos. A 40 min del Camping la Plage en Meyronne a orillas del Dordo\u00f1a.","og_url":"https:\/\/www.camping-laplage.com\/es\/camping-la-plage-cerca-de-sarlat-la-caneda\/","og_site_name":"Camping La Plage \u00e0 Meyronne","article_publisher":"https:\/\/www.facebook.com\/campinglaplagemeyronne\/","article_published_time":"2026-01-27T09:21:12+00:00","article_modified_time":"2026-04-20T09:39:50+00:00","og_image":[{"width":2000,"height":900,"url":"https:\/\/www.camping-laplage.com\/wp-content\/uploads\/2026\/01\/Camping-au-bord-de-la-Dordogne-dans-le-Lot-Camping-La-Plage-a-Meyronne-Sarlat-la-Caneda.jpg","type":"image\/jpeg"}],"author":"Ema92150@","twitter_card":"summary_large_image","twitter_misc":{"Escrito por":"Ema92150@","Tiempo de lectura":"2 minutos"},"schema":{"@context":"https:\/\/schema.org","@graph":[{"@type":"Article","@id":"https:\/\/www.camping-laplage.com\/es\/camping-la-plage-cerca-de-sarlat-la-caneda\/#article","isPartOf":{"@id":"https:\/\/www.camping-laplage.com\/es\/camping-la-plage-cerca-de-sarlat-la-caneda\/"},"author":{"name":"Ema92150@","@id":"https:\/\/www.camping-laplage.com\/es\/#\/schema\/person\/77defc644360c4923de10287f3a4fb58"},"headline":"Camping la Plage cerca de Sarlat-la-Can\u00e9da","datePublished":"2026-01-27T09:21:12+00:00","dateModified":"2026-04-20T09:39:50+00:00","mainEntityOfPage":{"@id":"https:\/\/www.camping-laplage.com\/es\/camping-la-plage-cerca-de-sarlat-la-caneda\/"},"wordCount":463,"commentCount":0,"publisher":{"@id":"https:\/\/www.camping-laplage.com\/es\/#organization"},"image":{"@id":"https:\/\/www.camping-laplage.com\/es\/camping-la-plage-cerca-de-sarlat-la-caneda\/#primaryimage"},"thumbnailUrl":"https:\/\/www.camping-laplage.com\/wp-content\/uploads\/2026\/01\/Camping-au-bord-de-la-Dordogne-dans-le-Lot-Camping-La-Plage-a-Meyronne-Sarlat-la-Caneda.jpg","articleSection":["Ciudades y Pueblos","Naturaleza y Senderismo"],"inLanguage":"es","potentialAction":[{"@type":"CommentAction","name":"Comment","target":["https:\/\/www.camping-laplage.com\/es\/camping-la-plage-cerca-de-sarlat-la-caneda\/#respond"]}]},{"@type":"WebPage","@id":"https:\/\/www.camping-laplage.com\/es\/camping-la-plage-cerca-de-sarlat-la-caneda\/","url":"https:\/\/www.camping-laplage.com\/es\/camping-la-plage-cerca-de-sarlat-la-caneda\/","name":"Visitar Sarlat-la-Can\u00e9da - Camping La Plage \u00e0 Meyronne \ud83d\udca6","isPartOf":{"@id":"https:\/\/www.camping-laplage.com\/es\/#website"},"primaryImageOfPage":{"@id":"https:\/\/www.camping-laplage.com\/es\/camping-la-plage-cerca-de-sarlat-la-caneda\/#primaryimage"},"image":{"@id":"https:\/\/www.camping-laplage.com\/es\/camping-la-plage-cerca-de-sarlat-la-caneda\/#primaryimage"},"thumbnailUrl":"https:\/\/www.camping-laplage.com\/wp-content\/uploads\/2026\/01\/Camping-au-bord-de-la-Dordogne-dans-le-Lot-Camping-La-Plage-a-Meyronne-Sarlat-la-Caneda.jpg","datePublished":"2026-01-27T09:21:12+00:00","dateModified":"2026-04-20T09:39:50+00:00","description":"Sarlat-la-Can\u00e9da: catedral, Casa de La Bo\u00e9tie, mercados y paseos. A 40 min del Camping la Plage en Meyronne a orillas del Dordo\u00f1a.","breadcrumb":{"@id":"https:\/\/www.camping-laplage.com\/es\/camping-la-plage-cerca-de-sarlat-la-caneda\/#breadcrumb"},"inLanguage":"es","potentialAction":[{"@type":"ReadAction","target":["https:\/\/www.camping-laplage.com\/es\/camping-la-plage-cerca-de-sarlat-la-caneda\/"]}]},{"@type":"ImageObject","inLanguage":"es","@id":"https:\/\/www.camping-laplage.com\/es\/camping-la-plage-cerca-de-sarlat-la-caneda\/#primaryimage","url":"https:\/\/www.camping-laplage.com\/wp-content\/uploads\/2026\/01\/Camping-au-bord-de-la-Dordogne-dans-le-Lot-Camping-La-Plage-a-Meyronne-Sarlat-la-Caneda.jpg","contentUrl":"https:\/\/www.camping-laplage.com\/wp-content\/uploads\/2026\/01\/Camping-au-bord-de-la-Dordogne-dans-le-Lot-Camping-La-Plage-a-Meyronne-Sarlat-la-Caneda.jpg","width":2000,"height":900},{"@type":"BreadcrumbList","@id":"https:\/\/www.camping-laplage.com\/es\/camping-la-plage-cerca-de-sarlat-la-caneda\/#breadcrumb","itemListElement":[{"@type":"ListItem","position":1,"name":"Accueil","item":"https:\/\/www.camping-laplage.com\/es\/"},{"@type":"ListItem","position":2,"name":"Sin categorizar","item":"https:\/\/www.camping-laplage.com\/es\/category\/sin-categorizar\/"},{"@type":"ListItem","position":3,"name":"Camping la Plage cerca de Sarlat-la-Can\u00e9da"}]},{"@type":"WebSite","@id":"https:\/\/www.camping-laplage.com\/es\/#website","url":"https:\/\/www.camping-laplage.com\/es\/","name":"Camping La Plage \u00e0 Meyronne","description":"Familles et couples recherchant un camping en Dordogne avec acc\u00e8s direct \u00e0 la rivi\u00e8re pr\u00e8s de Rocamadour pour des vacances nature dans le Lot.","publisher":{"@id":"https:\/\/www.camping-laplage.com\/es\/#organization"},"alternateName":"Camping La Plage situ\u00e9 au bord de la Dordogne dans le Lot \u00e0 Meyronne, pr\u00e8s de Rocamadour et du Gouffre de Padirac. Le camping propose des emplacements, des mobil-homes et un acc\u00e8s direct \u00e0 la rivi\u00e8re pour les vacances nature et les activit\u00e9s de plein air dans la Vall\u00e9e de la Dordogne.","potentialAction":[{"@type":"SearchAction","target":{"@type":"EntryPoint","urlTemplate":"https:\/\/www.camping-laplage.com\/es\/?s={search_term_string}"},"query-input":{"@type":"PropertyValueSpecification","valueRequired":true,"valueName":"search_term_string"}}],"inLanguage":"es"},{"@type":"Organization","@id":"https:\/\/www.camping-laplage.com\/es\/#organization","name":"Familles et couples recherchant un camping en Dordogne avec acc\u00e8s direct \u00e0 la rivi\u00e8re pr\u00e8s de Rocamadour pour des vacances nature dans le Lot.","alternateName":"Camping La Plage situ\u00e9 au bord de la Dordogne dans le Lot \u00e0 Meyronne, pr\u00e8s de Rocamadour et du Gouffre de Padirac. Le camping propose des emplacements, des mobil-homes et un acc\u00e8s direct \u00e0 la rivi\u00e8re pour les vacances nature et les activit\u00e9s de plein air dans la Vall\u00e9e de la Dordogne.","url":"https:\/\/www.camping-laplage.com\/es\/","logo":{"@type":"ImageObject","inLanguage":"es","@id":"https:\/\/www.camping-laplage.com\/es\/#\/schema\/logo\/image\/","url":"https:\/\/www.camping-laplage.com\/wp-content\/uploads\/2026\/02\/Camping-la-Plage-au-bord-de-la-Dordogne-Logo.svg","contentUrl":"https:\/\/www.camping-laplage.com\/wp-content\/uploads\/2026\/02\/Camping-la-Plage-au-bord-de-la-Dordogne-Logo.svg","width":1125,"height":1124,"caption":"Familles et couples recherchant un camping en Dordogne avec acc\u00e8s direct \u00e0 la rivi\u00e8re pr\u00e8s de Rocamadour pour des vacances nature dans le Lot."},"image":{"@id":"https:\/\/www.camping-laplage.com\/es\/#\/schema\/logo\/image\/"},"sameAs":["https:\/\/www.facebook.com\/campinglaplagemeyronne\/"]},{"@type":"Person","@id":"https:\/\/www.camping-laplage.com\/es\/#\/schema\/person\/77defc644360c4923de10287f3a4fb58","name":"Ema92150@","sameAs":["https:\/\/camping-laplage.emavista.fr"]}]}},"_links":{"self":[{"href":"https:\/\/www.camping-laplage.com\/es\/wp-json\/wp\/v2\/posts\/4361","targetHints":{"allow":["GET"]}}],"collection":[{"href":"https:\/\/www.camping-laplage.com\/es\/wp-json\/wp\/v2\/posts"}],"about":[{"href":"https:\/\/www.camping-laplage.com\/es\/wp-json\/wp\/v2\/types\/post"}],"author":[{"embeddable":true,"href":"https:\/\/www.camping-laplage.com\/es\/wp-json\/wp\/v2\/users\/1"}],"replies":[{"embeddable":true,"href":"https:\/\/www.camping-laplage.com\/es\/wp-json\/wp\/v2\/comments?post=4361"}],"version-history":[{"count":1,"href":"https:\/\/www.camping-laplage.com\/es\/wp-json\/wp\/v2\/posts\/4361\/revisions"}],"predecessor-version":[{"id":4367,"href":"https:\/\/www.camping-laplage.com\/es\/wp-json\/wp\/v2\/posts\/4361\/revisions\/4367"}],"wp:featuredmedia":[{"embeddable":true,"href":"https:\/\/www.camping-laplage.com\/es\/wp-json\/wp\/v2\/media\/4366"}],"wp:attachment":[{"href":"https:\/\/www.camping-laplage.com\/es\/wp-json\/wp\/v2\/media?parent=4361"}],"wp:term":[{"taxonomy":"category","embeddable":true,"href":"https:\/\/www.camping-laplage.com\/es\/wp-json\/wp\/v2\/categories?post=4361"},{"taxonomy":"post_tag","embeddable":true,"href":"https:\/\/www.camping-laplage.com\/es\/wp-json\/wp\/v2\/tags?post=4361"}],"curies":[{"name":"wp","href":"https:\/\/api.w.org\/{rel}","templated":true}]}}