{"id":4459,"date":"2026-01-26T15:26:37","date_gmt":"2026-01-26T15:26:37","guid":{"rendered":"https:\/\/www.camping-laplage.com\/camping-la-plage-cerca-de-collonges-la-rouge\/"},"modified":"2026-04-20T09:42:38","modified_gmt":"2026-04-20T09:42:38","slug":"camping-la-plage-cerca-de-collonges-la-rouge","status":"publish","type":"post","link":"https:\/\/www.camping-laplage.com\/es\/camping-la-plage-cerca-de-collonges-la-rouge\/","title":{"rendered":"Camping La Plage cerca de Collonges-la-Rouge"},"content":{"rendered":"\t\t<div data-elementor-type=\"wp-page\" data-elementor-id=\"4459\" class=\"elementor elementor-4459 elementor-2217\" data-elementor-post-type=\"post\">\n\t\t\t\t<div class=\"elementor-element elementor-element-522b8da e-flex e-con-boxed e-con e-parent\" data-id=\"522b8da\" data-element_type=\"container\" data-e-type=\"container\" data-settings=\"{&quot;background_background&quot;:&quot;classic&quot;}\">\n\t\t\t\t\t<div class=\"e-con-inner\">\n\t\t\t\t<div class=\"elementor-element elementor-element-e6bcc94 elementor-widget elementor-widget-heading\" data-id=\"e6bcc94\" data-element_type=\"widget\" data-e-type=\"widget\" data-widget_type=\"heading.default\">\n\t\t\t\t<div class=\"elementor-widget-container\">\n\t\t\t\t\t<h1 class=\"elementor-heading-title elementor-size-default\">Visitar Collonges-la-Rouge, el pueblo en rojo<\/h1>\t\t\t\t<\/div>\n\t\t\t\t<\/div>\n\t\t\t\t<div class=\"elementor-element elementor-element-7d8d95b elementor-widget elementor-widget-heading\" data-id=\"7d8d95b\" data-element_type=\"widget\" data-e-type=\"widget\" data-widget_type=\"heading.default\">\n\t\t\t\t<div class=\"elementor-widget-container\">\n\t\t\t\t\t<h2 class=\"elementor-heading-title elementor-size-default\">Cerca del Camping La Plage en Meyronne<\/h2>\t\t\t\t<\/div>\n\t\t\t\t<\/div>\n\t\t\t\t\t<\/div>\n\t\t\t\t<\/div>\n\t\t<div class=\"elementor-element elementor-element-ac68f3b e-con-full e-flex e-con e-parent\" data-id=\"ac68f3b\" data-element_type=\"container\" data-e-type=\"container\">\n\t\t\t\t<div class=\"elementor-element elementor-element-4b9cd8d elementor-widget elementor-widget-shortcode\" data-id=\"4b9cd8d\" data-element_type=\"widget\" data-e-type=\"widget\" data-widget_type=\"shortcode.default\">\n\t\t\t\t<div class=\"elementor-widget-container\">\n\t\t\t\t\t\t\t<div class=\"elementor-shortcode\">\t\t<div data-elementor-type=\"section\" data-elementor-id=\"4190\" class=\"elementor elementor-4190 elementor-53 elementor-53\" data-elementor-post-type=\"elementor_library\">\n\t\t\t<div class=\"elementor-element elementor-element-081a621 e-flex e-con-boxed e-con e-parent\" data-id=\"081a621\" data-element_type=\"container\" data-e-type=\"container\" data-settings=\"{&quot;background_background&quot;:&quot;classic&quot;}\">\n\t\t\t\t\t<div class=\"e-con-inner\">\n\t\t\t\t<div class=\"elementor-element elementor-element-59ef112 elementor-widget elementor-widget-html\" data-id=\"59ef112\" data-element_type=\"widget\" data-e-type=\"widget\" data-widget_type=\"html.default\">\n\t\t\t\t<div class=\"elementor-widget-container\">\n\t\t\t\t\t<ctv-searchbar><\/ctv-searchbar><\/ctv-searchbar>\t\t\t\t<\/div>\n\t\t\t\t<\/div>\n\t\t\t\t\t<\/div>\n\t\t\t\t<\/div>\n\t\t\t\t<\/div>\n\t\t<\/div>\n\t\t\t\t\t\t<\/div>\n\t\t\t\t<\/div>\n\t\t\t\t<\/div>\n\t\t<div class=\"elementor-element elementor-element-4220ee8 e-flex e-con-boxed e-con e-parent\" data-id=\"4220ee8\" data-element_type=\"container\" data-e-type=\"container\" data-settings=\"{&quot;background_background&quot;:&quot;classic&quot;}\">\n\t\t\t\t\t<div class=\"e-con-inner\">\n\t\t\t\t<div class=\"elementor-element elementor-element-3caaa4f elementor-invisible elementor-widget elementor-widget-heading\" data-id=\"3caaa4f\" data-element_type=\"widget\" data-e-type=\"widget\" data-settings=\"{&quot;_animation&quot;:&quot;fadeIn&quot;}\" data-widget_type=\"heading.default\">\n\t\t\t\t<div class=\"elementor-widget-container\">\n\t\t\t\t\t<p class=\"elementor-heading-title elementor-size-default\">Collonges-la-Rouge, a las puertas de la Dordo\u00f1a<\/p>\t\t\t\t<\/div>\n\t\t\t\t<\/div>\n\t\t\t\t<div class=\"elementor-element elementor-element-3a9e7ee elementor-invisible elementor-widget elementor-widget-heading\" data-id=\"3a9e7ee\" data-element_type=\"widget\" data-e-type=\"widget\" data-settings=\"{&quot;_animation&quot;:&quot;fadeIn&quot;}\" data-widget_type=\"heading.default\">\n\t\t\t\t<div class=\"elementor-widget-container\">\n\t\t\t\t\t<h2 class=\"elementor-heading-title elementor-size-default\">a menos de una hora del Camping La Plage en Meyronne<\/h2>\t\t\t\t<\/div>\n\t\t\t\t<\/div>\n\t\t\t\t<div class=\"elementor-element elementor-element-052db08 elementor-invisible elementor-widget elementor-widget-image\" data-id=\"052db08\" data-element_type=\"widget\" data-e-type=\"widget\" data-settings=\"{&quot;_animation&quot;:&quot;fadeIn&quot;}\" data-widget_type=\"image.default\">\n\t\t\t\t<div class=\"elementor-widget-container\">\n\t\t\t\t\t\t\t\t\t\t\t\t\t\t\t<img fetchpriority=\"high\" decoding=\"async\" width=\"500\" height=\"500\" src=\"https:\/\/www.camping-laplage.com\/wp-content\/uploads\/2025\/04\/Camping-de-la-plage-dans-le-lot-et-la-vallee-de-dordogne-ornementation-doree.svg\" class=\"attachment-large size-large wp-image-3418\" alt=\"\" \/>\t\t\t\t\t\t\t\t\t\t\t\t\t\t\t<\/div>\n\t\t\t\t<\/div>\n\t\t<div class=\"elementor-element elementor-element-3c75a2e e-con-full e-flex e-con e-child\" data-id=\"3c75a2e\" data-element_type=\"container\" data-e-type=\"container\">\n\t\t<div class=\"elementor-element elementor-element-3cfcd80 e-con-full e-flex elementor-invisible e-con e-child\" data-id=\"3cfcd80\" data-element_type=\"container\" data-e-type=\"container\" data-settings=\"{&quot;animation&quot;:&quot;fadeInLeft&quot;}\">\n\t\t\t\t<div class=\"elementor-element elementor-element-2ce1ea2 elementor-widget elementor-widget-text-editor\" data-id=\"2ce1ea2\" data-element_type=\"widget\" data-e-type=\"widget\" data-widget_type=\"text-editor.default\">\n\t\t\t\t<div class=\"elementor-widget-container\">\n\t\t\t\t\t\t\t\t\t<p>Desde el <strong data-start=\"150\" data-end=\"181\">Camping La Plage en Meyronne<\/strong>, <strong data-start=\"183\" data-end=\"205\">Collonges-la-Rouge<\/strong> ofrece un cambio de aires inmediato: aqu\u00ed, todo est\u00e1 construido en <strong data-start=\"260\" data-end=\"274\">arenisca roja<\/strong>, lo que da al pueblo sus tonos resplandecientes (sobre todo al final del d\u00eda).<\/p>\n<p>Incluido entre <strong data-start=\"367\" data-end=\"404\">Los Pueblos M\u00e1s Bonitos de Francia<\/strong>, Collonges tambi\u00e9n es conocido por ser el lugar donde naci\u00f3 la idea del sello, impulsada por su antiguo alcalde <strong data-start=\"506\" data-end=\"524\">Charles Ceyrac<\/strong>.<\/p>\t\t\t\t\t\t\t\t<\/div>\n\t\t\t\t<\/div>\n\t\t\t\t<\/div>\n\t\t<div class=\"elementor-element elementor-element-6ba313e e-con-full e-flex elementor-invisible e-con e-child\" data-id=\"6ba313e\" data-element_type=\"container\" data-e-type=\"container\" data-settings=\"{&quot;animation&quot;:&quot;fadeInRight&quot;}\">\n\t\t\t\t<div class=\"elementor-element elementor-element-946b08e elementor-widget elementor-widget-image\" data-id=\"946b08e\" data-element_type=\"widget\" data-e-type=\"widget\" data-widget_type=\"image.default\">\n\t\t\t\t<div class=\"elementor-widget-container\">\n\t\t\t\t\t\t\t\t\t\t\t\t\t\t\t<img decoding=\"async\" width=\"800\" height=\"533\" src=\"https:\/\/www.camping-laplage.com\/wp-content\/uploads\/2026\/01\/Camping-au-bord-de-la-Dordogne-dans-le-Lot-Camping-la-Plage-a-Meyronne-Camping-proche-de-Collonges-la-Rouge-3.png\" class=\"attachment-large size-large wp-image-4461\" alt=\"\" srcset=\"https:\/\/www.camping-laplage.com\/wp-content\/uploads\/2026\/01\/Camping-au-bord-de-la-Dordogne-dans-le-Lot-Camping-la-Plage-a-Meyronne-Camping-proche-de-Collonges-la-Rouge-3.png 900w, https:\/\/www.camping-laplage.com\/wp-content\/uploads\/2026\/01\/Camping-au-bord-de-la-Dordogne-dans-le-Lot-Camping-la-Plage-a-Meyronne-Camping-proche-de-Collonges-la-Rouge-3-300x200.png 300w, https:\/\/www.camping-laplage.com\/wp-content\/uploads\/2026\/01\/Camping-au-bord-de-la-Dordogne-dans-le-Lot-Camping-la-Plage-a-Meyronne-Camping-proche-de-Collonges-la-Rouge-3-768x512.png 768w\" sizes=\"(max-width: 800px) 100vw, 800px\" \/>\t\t\t\t\t\t\t\t\t\t\t\t\t\t\t<\/div>\n\t\t\t\t<\/div>\n\t\t\t\t<\/div>\n\t\t\t\t<\/div>\n\t\t\t\t\t<\/div>\n\t\t\t\t<\/div>\n\t\t<div class=\"elementor-element elementor-element-76a30c5 e-con-full e-flex e-con e-parent\" data-id=\"76a30c5\" data-element_type=\"container\" data-e-type=\"container\" data-settings=\"{&quot;background_background&quot;:&quot;classic&quot;}\">\n\t\t<div class=\"elementor-element elementor-element-73c2474 e-con-full e-flex elementor-invisible e-con e-child\" data-id=\"73c2474\" data-element_type=\"container\" data-e-type=\"container\" data-settings=\"{&quot;animation&quot;:&quot;fadeInLeft&quot;}\">\n\t\t\t\t<div class=\"elementor-element elementor-element-d6c3891 elementor-widget elementor-widget-image\" data-id=\"d6c3891\" data-element_type=\"widget\" data-e-type=\"widget\" data-widget_type=\"image.default\">\n\t\t\t\t<div class=\"elementor-widget-container\">\n\t\t\t\t\t\t\t\t\t\t\t\t\t\t\t<img decoding=\"async\" width=\"800\" height=\"533\" src=\"https:\/\/www.camping-laplage.com\/wp-content\/uploads\/2026\/01\/Camping-au-bord-de-la-Dordogne-dans-le-Lot-Camping-la-Plage-a-Meyronne-Camping-proche-de-Collonges-la-Rouge-2.png\" class=\"attachment-large size-large wp-image-4460\" alt=\"\" srcset=\"https:\/\/www.camping-laplage.com\/wp-content\/uploads\/2026\/01\/Camping-au-bord-de-la-Dordogne-dans-le-Lot-Camping-la-Plage-a-Meyronne-Camping-proche-de-Collonges-la-Rouge-2.png 900w, https:\/\/www.camping-laplage.com\/wp-content\/uploads\/2026\/01\/Camping-au-bord-de-la-Dordogne-dans-le-Lot-Camping-la-Plage-a-Meyronne-Camping-proche-de-Collonges-la-Rouge-2-300x200.png 300w, https:\/\/www.camping-laplage.com\/wp-content\/uploads\/2026\/01\/Camping-au-bord-de-la-Dordogne-dans-le-Lot-Camping-la-Plage-a-Meyronne-Camping-proche-de-Collonges-la-Rouge-2-768x512.png 768w\" sizes=\"(max-width: 800px) 100vw, 800px\" \/>\t\t\t\t\t\t\t\t\t\t\t\t\t\t\t<\/div>\n\t\t\t\t<\/div>\n\t\t\t\t<\/div>\n\t\t<div class=\"elementor-element elementor-element-f7d27ed e-con-full e-flex elementor-invisible e-con e-child\" data-id=\"f7d27ed\" data-element_type=\"container\" data-e-type=\"container\" data-settings=\"{&quot;animation&quot;:&quot;fadeInRight&quot;}\">\n\t\t\t\t<div class=\"elementor-element elementor-element-984f8b3 elementor-widget elementor-widget-heading\" data-id=\"984f8b3\" data-element_type=\"widget\" data-e-type=\"widget\" data-widget_type=\"heading.default\">\n\t\t\t\t<div class=\"elementor-widget-container\">\n\t\t\t\t\t<h3 class=\"elementor-heading-title elementor-size-default\">Actividades culturales: la iglesia de Saint-Pierre y el coraz\u00f3n hist\u00f3rico de arenisca roja<\/h3>\t\t\t\t<\/div>\n\t\t\t\t<\/div>\n\t\t\t\t<div class=\"elementor-element elementor-element-f654238 elementor-widget-divider--view-line elementor-widget elementor-widget-divider\" data-id=\"f654238\" data-element_type=\"widget\" data-e-type=\"widget\" data-widget_type=\"divider.default\">\n\t\t\t\t<div class=\"elementor-widget-container\">\n\t\t\t\t\t\t\t<div class=\"elementor-divider\">\n\t\t\t<span class=\"elementor-divider-separator\">\n\t\t\t\t\t\t<\/span>\n\t\t<\/div>\n\t\t\t\t\t\t<\/div>\n\t\t\t\t<\/div>\n\t\t\t\t<div class=\"elementor-element elementor-element-e4ee05b elementor-widget elementor-widget-text-editor\" data-id=\"e4ee05b\" data-element_type=\"widget\" data-e-type=\"widget\" data-widget_type=\"text-editor.default\">\n\t\t\t\t<div class=\"elementor-widget-container\">\n\t\t\t\t\t\t\t\t\t<div class=\"flex flex-col text-sm pb-25\">\n<article class=\"text-token-text-primary w-full focus:outline-none [--shadow-height:45px] has-data-writing-block:pointer-events-none has-data-writing-block:-mt-(--shadow-height) has-data-writing-block:pt-(--shadow-height) [&amp;:has([data-writing-block])&gt;*]:pointer-events-auto scroll-mt-[calc(var(--header-height)+min(200px,max(70px,20svh)))]\" dir=\"auto\" tabindex=\"-1\" data-turn-id=\"37624e8b-302f-4d3a-a174-d755718ba708\" data-testid=\"conversation-turn-18\" data-scroll-anchor=\"true\" data-turn=\"assistant\">\n<div class=\"text-base my-auto mx-auto pb-10 [--thread-content-margin:--spacing(4)] @w-sm\/main:[--thread-content-margin:--spacing(6)] @w-lg\/main:[--thread-content-margin:--spacing(16)] px-(--thread-content-margin)\">\n<div class=\"[--thread-content-max-width:40rem] @w-lg\/main:[--thread-content-max-width:48rem] mx-auto max-w-(--thread-content-max-width) flex-1 group\/turn-messages focus-visible:outline-hidden relative flex w-full min-w-0 flex-col agent-turn\" tabindex=\"-1\">\n<div class=\"flex max-w-full flex-col grow\">\n<div class=\"min-h-8 text-message relative flex w-full flex-col items-end gap-2 text-start break-words whitespace-normal [.text-message+&amp;]:mt-1\" dir=\"auto\" data-message-author-role=\"assistant\" data-message-id=\"7f29ab20-b295-4a34-b33c-99535f1f15f3\" data-message-model-slug=\"gpt-5-2-thinking\">\n<div class=\"flex w-full flex-col gap-1 empty:hidden first:pt-[1px]\">\n<div class=\"markdown prose dark:prose-invert w-full wrap-break-word light markdown-new-styling\">\n<div class=\"text-base my-auto mx-auto pb-10 [--thread-content-margin:--spacing(4)] @w-sm\/main:[--thread-content-margin:--spacing(6)] @w-lg\/main:[--thread-content-margin:--spacing(16)] px-(--thread-content-margin)\">\n<div class=\"[--thread-content-max-width:40rem] @w-lg\/main:[--thread-content-max-width:48rem] mx-auto max-w-(--thread-content-max-width) flex-1 group\/turn-messages focus-visible:outline-hidden relative flex w-full min-w-0 flex-col agent-turn\" tabindex=\"-1\">\n<div class=\"flex max-w-full flex-col grow\">\n<div class=\"min-h-8 text-message relative flex w-full flex-col items-end gap-2 text-start break-words whitespace-normal [.text-message+&amp;]:mt-1\" dir=\"auto\" data-message-author-role=\"assistant\" data-message-id=\"ef07020e-7519-4c8c-9f96-40517db7c693\" data-message-model-slug=\"gpt-5-2-thinking\">\n<div class=\"flex w-full flex-col gap-1 empty:hidden first:pt-[1px]\">\n<div class=\"markdown prose dark:prose-invert w-full wrap-break-word light markdown-new-styling\">\n<div class=\"flex flex-col text-sm pb-25\">\n<article class=\"text-token-text-primary w-full focus:outline-none [--shadow-height:45px] has-data-writing-block:pointer-events-none has-data-writing-block:-mt-(--shadow-height) has-data-writing-block:pt-(--shadow-height) [&amp;:has([data-writing-block])&gt;*]:pointer-events-auto scroll-mt-[calc(var(--header-height)+min(200px,max(70px,20svh)))]\" dir=\"auto\" tabindex=\"-1\" data-turn-id=\"253ec615-7073-411b-85f1-b52cf789d6e5\" data-testid=\"conversation-turn-34\" data-scroll-anchor=\"true\" data-turn=\"assistant\">\n<div class=\"text-base my-auto mx-auto pb-10 [--thread-content-margin:--spacing(4)] @w-sm\/main:[--thread-content-margin:--spacing(6)] @w-lg\/main:[--thread-content-margin:--spacing(16)] px-(--thread-content-margin)\">\n<div class=\"[--thread-content-max-width:40rem] @w-lg\/main:[--thread-content-max-width:48rem] mx-auto max-w-(--thread-content-max-width) flex-1 group\/turn-messages focus-visible:outline-hidden relative flex w-full min-w-0 flex-col agent-turn\" tabindex=\"-1\">\n<div class=\"flex max-w-full flex-col grow\">\n<div class=\"min-h-8 text-message relative flex w-full flex-col items-end gap-2 text-start break-words whitespace-normal [.text-message+&amp;]:mt-1\" dir=\"auto\" data-message-author-role=\"assistant\" data-message-id=\"cafc55b8-4568-464c-9cfe-7c844ab8fb45\" data-message-model-slug=\"gpt-5-2-thinking\">\n<div class=\"flex w-full flex-col gap-1 empty:hidden first:pt-[1px]\">\n<div class=\"markdown prose dark:prose-invert w-full wrap-break-word light markdown-new-styling\">\n<p data-start=\"0\" data-end=\"608\">Empieza por la <strong data-start=\"667\" data-end=\"690\">iglesia de Saint-Pierre<\/strong>, construida en los <strong data-start=\"707\" data-end=\"727\">siglos XI\u2013XII<\/strong>: una iglesia rom\u00e1nica de arenisca roja, famosa por su <strong data-start=\"780\" data-end=\"798\">t\u00edmpano esculpido<\/strong> y su historia ligada a los <strong data-start=\"824\" data-end=\"852\">caminos de Santiago<\/strong>. <br data-start=\"891\" data-end=\"894\">Despu\u00e9s, pi\u00e9rdete por las callejuelas: \u201ccastels\u201d, torrecillas, p\u00f3rticos, peque\u00f1os patios\u2026 Collonges se visita muy bien a pie, en modo <strong data-start=\"1026\" data-end=\"1044\">paseo-foto<\/strong>, con un encanto medieval muy marcado. Y si te gusta entender \u201cpor qu\u00e9 es rojo\u201d, un punto interesante que suele destacarse es la <strong data-start=\"1184\" data-end=\"1205\">falla geol\u00f3gica<\/strong> de la zona, en el origen de esta piedra tan particular. <\/p>\n<\/div>\n<\/div>\n<\/div>\n<\/div>\n<\/div>\n<\/div>\n<\/article>\n<\/div>\n<\/div>\n<\/div>\n<\/div>\n<\/div>\n<\/div>\n<\/div>\n<\/div>\n<\/div>\n<\/div>\n<\/div>\n<\/div>\n<\/div>\n<\/article>\n<\/div>\t\t\t\t\t\t\t\t<\/div>\n\t\t\t\t<\/div>\n\t\t\t\t<\/div>\n\t\t\t\t<\/div>\n\t\t<div class=\"elementor-element elementor-element-3c5e19f e-con-full e-flex e-con e-parent\" data-id=\"3c5e19f\" data-element_type=\"container\" data-e-type=\"container\" data-settings=\"{&quot;background_background&quot;:&quot;classic&quot;}\">\n\t\t<div class=\"elementor-element elementor-element-5a25bb7 e-con-full e-flex elementor-invisible e-con e-child\" data-id=\"5a25bb7\" data-element_type=\"container\" data-e-type=\"container\" data-settings=\"{&quot;animation&quot;:&quot;fadeInLeft&quot;}\">\n\t\t\t\t<div class=\"elementor-element elementor-element-5b5e811 elementor-widget elementor-widget-heading\" data-id=\"5b5e811\" data-element_type=\"widget\" data-e-type=\"widget\" data-widget_type=\"heading.default\">\n\t\t\t\t<div class=\"elementor-widget-container\">\n\t\t\t\t\t<h3 class=\"elementor-heading-title elementor-size-default\">Qu\u00e9 hacer all\u00ed: casas destacadas, mercado cubierto y castillo de Vassinhac<\/h3>\t\t\t\t<\/div>\n\t\t\t\t<\/div>\n\t\t\t\t<div class=\"elementor-element elementor-element-c18f943 elementor-widget-divider--view-line elementor-widget elementor-widget-divider\" data-id=\"c18f943\" data-element_type=\"widget\" data-e-type=\"widget\" data-widget_type=\"divider.default\">\n\t\t\t\t<div class=\"elementor-widget-container\">\n\t\t\t\t\t\t\t<div class=\"elementor-divider\">\n\t\t\t<span class=\"elementor-divider-separator\">\n\t\t\t\t\t\t<\/span>\n\t\t<\/div>\n\t\t\t\t\t\t<\/div>\n\t\t\t\t<\/div>\n\t\t\t\t<div class=\"elementor-element elementor-element-d5c0aad elementor-widget__width-initial elementor-widget elementor-widget-text-editor\" data-id=\"d5c0aad\" data-element_type=\"widget\" data-e-type=\"widget\" data-widget_type=\"text-editor.default\">\n\t\t\t\t<div class=\"elementor-widget-container\">\n\t\t\t\t\t\t\t\t\t<article class=\"text-token-text-primary w-full focus:outline-none [--shadow-height:45px] has-data-writing-block:pointer-events-none has-data-writing-block:-mt-(--shadow-height) has-data-writing-block:pt-(--shadow-height) [&amp;:has([data-writing-block])&gt;*]:pointer-events-auto scroll-mt-[calc(var(--header-height)+min(200px,max(70px,20svh)))]\" dir=\"auto\" tabindex=\"-1\" data-turn-id=\"ab3cc7a4-8e76-46e3-98be-9809e59f4c51\" data-testid=\"conversation-turn-16\" data-scroll-anchor=\"false\" data-turn=\"assistant\">\n<div class=\"text-base my-auto mx-auto [--thread-content-margin:--spacing(4)] @w-sm\/main:[--thread-content-margin:--spacing(6)] @w-lg\/main:[--thread-content-margin:--spacing(16)] px-(--thread-content-margin)\">\n<div class=\"[--thread-content-max-width:40rem] @w-lg\/main:[--thread-content-max-width:48rem] mx-auto max-w-(--thread-content-max-width) flex-1 group\/turn-messages focus-visible:outline-hidden relative flex w-full min-w-0 flex-col agent-turn\" tabindex=\"-1\">\n<div class=\"flex max-w-full flex-col grow\">\n<div class=\"min-h-8 text-message relative flex w-full flex-col items-end gap-2 text-start break-words whitespace-normal [.text-message+&amp;]:mt-1\" dir=\"auto\" data-message-author-role=\"assistant\" data-message-id=\"182735af-6446-46d7-9de6-096e1f40220e\" data-message-model-slug=\"gpt-5-2-thinking\">\n<div class=\"flex w-full flex-col gap-1 empty:hidden first:pt-[1px]\">\n<div class=\"markdown prose dark:prose-invert w-full wrap-break-word light markdown-new-styling\">\n<p data-start=\"1347\" data-end=\"1409\">En Collonges, la actividad n.\u00ba 1 es observar los detalles. Entre los puntos de referencia que se citan all\u00ed: la <strong data-start=\"1476\" data-end=\"1499\">Maison de la Sir\u00e8ne<\/strong> (una de las fachadas m\u00e1s fotografiadas) y la <strong data-start=\"1548\" data-end=\"1557\">halle<\/strong> que estructura el centro del pueblo. <br data-start=\"1629\" data-end=\"1632\">Para una visita \u201cextra\u201d, el <strong data-start=\"1662\" data-end=\"1698\">castillo (o mansi\u00f3n) de Vassinhac<\/strong> merece la pena: un gran edificio noble en el coraz\u00f3n del pueblo, <strong data-start=\"1760\" data-end=\"1790\">declarado monumento hist\u00f3rico<\/strong>, que forma parte de los lugares emblem\u00e1ticos de <strong>Collonges<\/strong>. <\/p>\n<\/div>\n<\/div>\n<\/div>\n<\/div>\n<\/div>\n<\/div>\n<\/article>\n<article class=\"text-token-text-primary w-full focus:outline-none [--shadow-height:45px] has-data-writing-block:pointer-events-none has-data-writing-block:-mt-(--shadow-height) has-data-writing-block:pt-(--shadow-height) [&amp;:has([data-writing-block])&gt;*]:pointer-events-auto scroll-mt-(--header-height)\" dir=\"auto\" tabindex=\"-1\" data-turn-id=\"c744063d-9b28-4fc4-97e1-cf44ecd97e85\" data-testid=\"conversation-turn-17\" data-scroll-anchor=\"false\" data-turn=\"user\"><\/article>\t\t\t\t\t\t\t\t<\/div>\n\t\t\t\t<\/div>\n\t\t\t\t<\/div>\n\t\t<div class=\"elementor-element elementor-element-348820c e-con-full e-flex elementor-invisible e-con e-child\" data-id=\"348820c\" data-element_type=\"container\" data-e-type=\"container\" data-settings=\"{&quot;animation&quot;:&quot;fadeInRight&quot;}\">\n\t\t\t\t<div class=\"elementor-element elementor-element-693dff0 elementor-widget elementor-widget-image\" data-id=\"693dff0\" data-element_type=\"widget\" data-e-type=\"widget\" data-widget_type=\"image.default\">\n\t\t\t\t<div class=\"elementor-widget-container\">\n\t\t\t\t\t\t\t\t\t\t\t\t\t\t\t<img loading=\"lazy\" decoding=\"async\" width=\"800\" height=\"533\" src=\"https:\/\/www.camping-laplage.com\/wp-content\/uploads\/2026\/01\/Camping-au-bord-de-la-Dordogne-dans-le-Lot-Camping-la-Plage-a-Meyronne-Camping-proche-de-Collonges-la-Rouge.png\" class=\"attachment-large size-large wp-image-4463\" alt=\"\" srcset=\"https:\/\/www.camping-laplage.com\/wp-content\/uploads\/2026\/01\/Camping-au-bord-de-la-Dordogne-dans-le-Lot-Camping-la-Plage-a-Meyronne-Camping-proche-de-Collonges-la-Rouge.png 900w, https:\/\/www.camping-laplage.com\/wp-content\/uploads\/2026\/01\/Camping-au-bord-de-la-Dordogne-dans-le-Lot-Camping-la-Plage-a-Meyronne-Camping-proche-de-Collonges-la-Rouge-300x200.png 300w, https:\/\/www.camping-laplage.com\/wp-content\/uploads\/2026\/01\/Camping-au-bord-de-la-Dordogne-dans-le-Lot-Camping-la-Plage-a-Meyronne-Camping-proche-de-Collonges-la-Rouge-768x512.png 768w\" sizes=\"(max-width: 800px) 100vw, 800px\" \/>\t\t\t\t\t\t\t\t\t\t\t\t\t\t\t<\/div>\n\t\t\t\t<\/div>\n\t\t\t\t<\/div>\n\t\t\t\t<\/div>\n\t\t<div class=\"elementor-element elementor-element-24678c5 e-con-full e-flex e-con e-parent\" data-id=\"24678c5\" data-element_type=\"container\" data-e-type=\"container\" data-settings=\"{&quot;background_background&quot;:&quot;classic&quot;}\">\n\t\t<div class=\"elementor-element elementor-element-42dcdeb e-con-full e-flex elementor-invisible e-con e-child\" data-id=\"42dcdeb\" data-element_type=\"container\" data-e-type=\"container\" data-settings=\"{&quot;animation&quot;:&quot;fadeInLeft&quot;}\">\n\t\t\t\t<div class=\"elementor-element elementor-element-74b587c elementor-widget elementor-widget-image\" data-id=\"74b587c\" data-element_type=\"widget\" data-e-type=\"widget\" data-widget_type=\"image.default\">\n\t\t\t\t<div class=\"elementor-widget-container\">\n\t\t\t\t\t\t\t\t\t\t\t\t\t\t\t<img loading=\"lazy\" decoding=\"async\" width=\"900\" height=\"600\" src=\"https:\/\/www.camping-laplage.com\/wp-content\/uploads\/2026\/01\/Camping-au-bord-de-la-Dordogne-dans-le-Lot-Camping-la-Plage-a-Meyronne-Camping-proche-de-Collonges-la-Rouge-4.png\" class=\"attachment-full size-full wp-image-4462\" alt=\"\" srcset=\"https:\/\/www.camping-laplage.com\/wp-content\/uploads\/2026\/01\/Camping-au-bord-de-la-Dordogne-dans-le-Lot-Camping-la-Plage-a-Meyronne-Camping-proche-de-Collonges-la-Rouge-4.png 900w, https:\/\/www.camping-laplage.com\/wp-content\/uploads\/2026\/01\/Camping-au-bord-de-la-Dordogne-dans-le-Lot-Camping-la-Plage-a-Meyronne-Camping-proche-de-Collonges-la-Rouge-4-300x200.png 300w, https:\/\/www.camping-laplage.com\/wp-content\/uploads\/2026\/01\/Camping-au-bord-de-la-Dordogne-dans-le-Lot-Camping-la-Plage-a-Meyronne-Camping-proche-de-Collonges-la-Rouge-4-768x512.png 768w\" sizes=\"(max-width: 900px) 100vw, 900px\" \/>\t\t\t\t\t\t\t\t\t\t\t\t\t\t\t<\/div>\n\t\t\t\t<\/div>\n\t\t\t\t<\/div>\n\t\t<div class=\"elementor-element elementor-element-15a6b1c e-con-full e-flex elementor-invisible e-con e-child\" data-id=\"15a6b1c\" data-element_type=\"container\" data-e-type=\"container\" data-settings=\"{&quot;animation&quot;:&quot;fadeInRight&quot;}\">\n\t\t\t\t<div class=\"elementor-element elementor-element-cb6c9e5 elementor-widget elementor-widget-heading\" data-id=\"cb6c9e5\" data-element_type=\"widget\" data-e-type=\"widget\" data-widget_type=\"heading.default\">\n\t\t\t\t<div class=\"elementor-widget-container\">\n\t\t\t\t\t<h3 class=\"elementor-heading-title elementor-size-default\">Senderismo alrededor de Collonges: peque\u00f1o patrimonio y paseos f\u00e1ciles<\/h3>\t\t\t\t<\/div>\n\t\t\t\t<\/div>\n\t\t\t\t<div class=\"elementor-element elementor-element-54c6754 elementor-widget-divider--view-line elementor-widget elementor-widget-divider\" data-id=\"54c6754\" data-element_type=\"widget\" data-e-type=\"widget\" data-widget_type=\"divider.default\">\n\t\t\t\t<div class=\"elementor-widget-container\">\n\t\t\t\t\t\t\t<div class=\"elementor-divider\">\n\t\t\t<span class=\"elementor-divider-separator\">\n\t\t\t\t\t\t<\/span>\n\t\t<\/div>\n\t\t\t\t\t\t<\/div>\n\t\t\t\t<\/div>\n\t\t\t\t<div class=\"elementor-element elementor-element-c53adc4 elementor-widget elementor-widget-text-editor\" data-id=\"c53adc4\" data-element_type=\"widget\" data-e-type=\"widget\" data-widget_type=\"text-editor.default\">\n\t\t\t\t<div class=\"elementor-widget-container\">\n\t\t\t\t\t\t\t\t\t<p>Para descubrir los alrededores sin dificultad, elige un <strong data-start=\"106\" data-end=\"145\">circuito se\u00f1alizado con salida desde el pueblo<\/strong> (a menudo llamado <em data-start=\"163\" data-end=\"184\">circuito de los lavaderos<\/em>). En <strong data-start=\"191\" data-end=\"207\">unos 7 km<\/strong> (calcula <strong data-start=\"217\" data-end=\"233\">de 2 h a 2 h 30<\/strong> seg\u00fan el ritmo), el itinerario alterna caminos estrechos, muretes, bosques y claros, y pone en valor el <strong data-start=\"342\" data-end=\"368\">patrimonio ligado al agua<\/strong> (lavaderos, manantiales, peque\u00f1as obras). Es una ruta ideal para completar la visita al pueblo: se deja atr\u00e1s el bullicio de las callejuelas de arenisca roja, se gana altura en algunos tramos y luego se regresa hacia Collonges con bonitas vistas del pueblo y del campo de Corr\u00e8ze.  <\/p>\t\t\t\t\t\t\t\t<\/div>\n\t\t\t\t<\/div>\n\t\t\t\t<\/div>\n\t\t\t\t<\/div>\n\t\t<div class=\"elementor-element elementor-element-8b58d99 e-con-full e-flex e-con e-parent\" data-id=\"8b58d99\" data-element_type=\"container\" data-e-type=\"container\" data-settings=\"{&quot;background_background&quot;:&quot;classic&quot;}\">\n\t\t<div class=\"elementor-element elementor-element-d65a8a0 e-con-full e-flex elementor-invisible e-con e-child\" data-id=\"d65a8a0\" data-element_type=\"container\" data-e-type=\"container\" data-settings=\"{&quot;animation&quot;:&quot;fadeInLeft&quot;}\">\n\t\t\t\t<div class=\"elementor-element elementor-element-bc4af12 elementor-widget elementor-widget-heading\" data-id=\"bc4af12\" data-element_type=\"widget\" data-e-type=\"widget\" data-widget_type=\"heading.default\">\n\t\t\t\t<div class=\"elementor-widget-container\">\n\t\t\t\t\t<h3 class=\"elementor-heading-title elementor-size-default\">Acceso desde el Camping La Plage en Meyronne<\/h3>\t\t\t\t<\/div>\n\t\t\t\t<\/div>\n\t\t\t\t<div class=\"elementor-element elementor-element-c75cc23 elementor-widget-divider--view-line elementor-widget elementor-widget-divider\" data-id=\"c75cc23\" data-element_type=\"widget\" data-e-type=\"widget\" data-widget_type=\"divider.default\">\n\t\t\t\t<div class=\"elementor-widget-container\">\n\t\t\t\t\t\t\t<div class=\"elementor-divider\">\n\t\t\t<span class=\"elementor-divider-separator\">\n\t\t\t\t\t\t<\/span>\n\t\t<\/div>\n\t\t\t\t\t\t<\/div>\n\t\t\t\t<\/div>\n\t\t\t\t<div class=\"elementor-element elementor-element-7ca7c79 elementor-widget elementor-widget-text-editor\" data-id=\"7ca7c79\" data-element_type=\"widget\" data-e-type=\"widget\" data-widget_type=\"text-editor.default\">\n\t\t\t\t<div class=\"elementor-widget-container\">\n\t\t\t\t\t\t\t\t\t<p data-start=\"971\" data-end=\"1198\"><strong data-start=\"971\" data-end=\"987\">Itinerario:<br><\/strong>Desde <strong data-start=\"2602\" data-end=\"2614\">Meyronne<\/strong>, calcula unos <strong data-start=\"2632\" data-end=\"2646\">50 minutos<\/strong> de carretera para llegar a Collonges-la-Rouge (orden de magnitud v\u00eda <strong data-start=\"2713\" data-end=\"2735\">Brive-la-Gaillarde<\/strong>). A modo orientativo: <strong data-start=\"2758\" data-end=\"2778\">Meyronne \u2192 Brive<\/strong> se estima en unos <strong data-start=\"2799\" data-end=\"2809\">33 min<\/strong>, y luego <strong data-start=\"2816\" data-end=\"2846\">Brive \u2192 Collonges-la-Rouge<\/strong> en unos <strong data-start=\"2857\" data-end=\"2867\">18 min<\/strong> en coche. <\/p>\t\t\t\t\t\t\t\t<\/div>\n\t\t\t\t<\/div>\n\t\t\t\t<\/div>\n\t\t\t\t<\/div>\n\t\t\t\t<\/div>\n\t\t","protected":false},"excerpt":{"rendered":"<p>Desde el Camping La Plage en Meyronne, Collonges-la-Rouge ofrece un cambio de aires inmediato: aqu\u00ed, todo est\u00e1 construido en arenisca roja, lo que da al pueblo sus tonos resplandecientes (sobre todo al final del d\u00eda).<\/p>\n","protected":false},"author":1,"featured_media":4464,"comment_status":"open","ping_status":"closed","sticky":false,"template":"","format":"standard","meta":{"footnotes":""},"categories":[93,92],"tags":[],"class_list":["post-4459","post","type-post","status-publish","format-standard","has-post-thumbnail","hentry","category-ciudades-y-pueblos","category-naturaleza-y-senderismo"],"yoast_head":"<!-- This site is optimized with the Yoast SEO plugin v27.5 - https:\/\/yoast.com\/product\/yoast-seo-wordpress\/ -->\n<title>Visitar Collonges-la-Rouge - Camping La Plage \u00e0 Meyronne \ud83d\udca6<\/title>\n<meta name=\"description\" content=\"Collonges-la-Rouge: callejuelas de arenisca roja, iglesia, castillo. A 50 min del Camping La Plage en Meyronne, a orillas del Dordo\u00f1a.\" \/>\n<meta name=\"robots\" content=\"index, follow, max-snippet:-1, max-image-preview:large, max-video-preview:-1\" \/>\n<link rel=\"canonical\" href=\"https:\/\/www.camping-laplage.com\/es\/camping-la-plage-cerca-de-collonges-la-rouge\/\" \/>\n<meta property=\"og:locale\" content=\"es_ES\" \/>\n<meta property=\"og:type\" content=\"article\" \/>\n<meta property=\"og:title\" content=\"Visitar Collonges-la-Rouge - Camping La Plage \u00e0 Meyronne \ud83d\udca6\" \/>\n<meta property=\"og:description\" content=\"Collonges-la-Rouge: callejuelas de arenisca roja, iglesia, castillo. A 50 min del Camping La Plage en Meyronne, a orillas del Dordo\u00f1a.\" \/>\n<meta property=\"og:url\" content=\"https:\/\/www.camping-laplage.com\/es\/camping-la-plage-cerca-de-collonges-la-rouge\/\" \/>\n<meta property=\"og:site_name\" content=\"Camping La Plage \u00e0 Meyronne\" \/>\n<meta property=\"article:publisher\" content=\"https:\/\/www.facebook.com\/campinglaplagemeyronne\/\" \/>\n<meta property=\"article:published_time\" content=\"2026-01-26T15:26:37+00:00\" \/>\n<meta property=\"article:modified_time\" content=\"2026-04-20T09:42:38+00:00\" \/>\n<meta property=\"og:image\" content=\"https:\/\/www.camping-laplage.com\/wp-content\/uploads\/2026\/01\/Camping-au-bord-de-la-Dordogne-dans-le-Lot-Camping-La-Plage-a-Meyronne-Collonges-la-Rouge.jpg\" \/>\n\t<meta property=\"og:image:width\" content=\"2000\" \/>\n\t<meta property=\"og:image:height\" content=\"900\" \/>\n\t<meta property=\"og:image:type\" content=\"image\/jpeg\" \/>\n<meta name=\"author\" content=\"Ema92150@\" \/>\n<meta name=\"twitter:card\" content=\"summary_large_image\" \/>\n<meta name=\"twitter:label1\" content=\"Escrito por\" \/>\n\t<meta name=\"twitter:data1\" content=\"Ema92150@\" \/>\n\t<meta name=\"twitter:label2\" content=\"Tiempo de lectura\" \/>\n\t<meta name=\"twitter:data2\" content=\"2 minutos\" \/>\n<script type=\"application\/ld+json\" class=\"yoast-schema-graph\">{\"@context\":\"https:\\\/\\\/schema.org\",\"@graph\":[{\"@type\":\"Article\",\"@id\":\"https:\\\/\\\/www.camping-laplage.com\\\/es\\\/camping-la-plage-cerca-de-collonges-la-rouge\\\/#article\",\"isPartOf\":{\"@id\":\"https:\\\/\\\/www.camping-laplage.com\\\/es\\\/camping-la-plage-cerca-de-collonges-la-rouge\\\/\"},\"author\":{\"name\":\"Ema92150@\",\"@id\":\"https:\\\/\\\/www.camping-laplage.com\\\/es\\\/#\\\/schema\\\/person\\\/77defc644360c4923de10287f3a4fb58\"},\"headline\":\"Camping La Plage cerca de Collonges-la-Rouge\",\"datePublished\":\"2026-01-26T15:26:37+00:00\",\"dateModified\":\"2026-04-20T09:42:38+00:00\",\"mainEntityOfPage\":{\"@id\":\"https:\\\/\\\/www.camping-laplage.com\\\/es\\\/camping-la-plage-cerca-de-collonges-la-rouge\\\/\"},\"wordCount\":465,\"commentCount\":0,\"publisher\":{\"@id\":\"https:\\\/\\\/www.camping-laplage.com\\\/es\\\/#organization\"},\"image\":{\"@id\":\"https:\\\/\\\/www.camping-laplage.com\\\/es\\\/camping-la-plage-cerca-de-collonges-la-rouge\\\/#primaryimage\"},\"thumbnailUrl\":\"https:\\\/\\\/www.camping-laplage.com\\\/wp-content\\\/uploads\\\/2026\\\/01\\\/Camping-au-bord-de-la-Dordogne-dans-le-Lot-Camping-La-Plage-a-Meyronne-Collonges-la-Rouge.jpg\",\"articleSection\":[\"Ciudades y Pueblos\",\"Naturaleza y Senderismo\"],\"inLanguage\":\"es\",\"potentialAction\":[{\"@type\":\"CommentAction\",\"name\":\"Comment\",\"target\":[\"https:\\\/\\\/www.camping-laplage.com\\\/es\\\/camping-la-plage-cerca-de-collonges-la-rouge\\\/#respond\"]}]},{\"@type\":\"WebPage\",\"@id\":\"https:\\\/\\\/www.camping-laplage.com\\\/es\\\/camping-la-plage-cerca-de-collonges-la-rouge\\\/\",\"url\":\"https:\\\/\\\/www.camping-laplage.com\\\/es\\\/camping-la-plage-cerca-de-collonges-la-rouge\\\/\",\"name\":\"Visitar Collonges-la-Rouge - Camping La Plage \u00e0 Meyronne \ud83d\udca6\",\"isPartOf\":{\"@id\":\"https:\\\/\\\/www.camping-laplage.com\\\/es\\\/#website\"},\"primaryImageOfPage\":{\"@id\":\"https:\\\/\\\/www.camping-laplage.com\\\/es\\\/camping-la-plage-cerca-de-collonges-la-rouge\\\/#primaryimage\"},\"image\":{\"@id\":\"https:\\\/\\\/www.camping-laplage.com\\\/es\\\/camping-la-plage-cerca-de-collonges-la-rouge\\\/#primaryimage\"},\"thumbnailUrl\":\"https:\\\/\\\/www.camping-laplage.com\\\/wp-content\\\/uploads\\\/2026\\\/01\\\/Camping-au-bord-de-la-Dordogne-dans-le-Lot-Camping-La-Plage-a-Meyronne-Collonges-la-Rouge.jpg\",\"datePublished\":\"2026-01-26T15:26:37+00:00\",\"dateModified\":\"2026-04-20T09:42:38+00:00\",\"description\":\"Collonges-la-Rouge: callejuelas de arenisca roja, iglesia, castillo. A 50 min del Camping La Plage en Meyronne, a orillas del Dordo\u00f1a.\",\"breadcrumb\":{\"@id\":\"https:\\\/\\\/www.camping-laplage.com\\\/es\\\/camping-la-plage-cerca-de-collonges-la-rouge\\\/#breadcrumb\"},\"inLanguage\":\"es\",\"potentialAction\":[{\"@type\":\"ReadAction\",\"target\":[\"https:\\\/\\\/www.camping-laplage.com\\\/es\\\/camping-la-plage-cerca-de-collonges-la-rouge\\\/\"]}]},{\"@type\":\"ImageObject\",\"inLanguage\":\"es\",\"@id\":\"https:\\\/\\\/www.camping-laplage.com\\\/es\\\/camping-la-plage-cerca-de-collonges-la-rouge\\\/#primaryimage\",\"url\":\"https:\\\/\\\/www.camping-laplage.com\\\/wp-content\\\/uploads\\\/2026\\\/01\\\/Camping-au-bord-de-la-Dordogne-dans-le-Lot-Camping-La-Plage-a-Meyronne-Collonges-la-Rouge.jpg\",\"contentUrl\":\"https:\\\/\\\/www.camping-laplage.com\\\/wp-content\\\/uploads\\\/2026\\\/01\\\/Camping-au-bord-de-la-Dordogne-dans-le-Lot-Camping-La-Plage-a-Meyronne-Collonges-la-Rouge.jpg\",\"width\":2000,\"height\":900},{\"@type\":\"BreadcrumbList\",\"@id\":\"https:\\\/\\\/www.camping-laplage.com\\\/es\\\/camping-la-plage-cerca-de-collonges-la-rouge\\\/#breadcrumb\",\"itemListElement\":[{\"@type\":\"ListItem\",\"position\":1,\"name\":\"Accueil\",\"item\":\"https:\\\/\\\/www.camping-laplage.com\\\/es\\\/\"},{\"@type\":\"ListItem\",\"position\":2,\"name\":\"Sin categorizar\",\"item\":\"https:\\\/\\\/www.camping-laplage.com\\\/es\\\/category\\\/sin-categorizar\\\/\"},{\"@type\":\"ListItem\",\"position\":3,\"name\":\"Camping La Plage cerca de Collonges-la-Rouge\"}]},{\"@type\":\"WebSite\",\"@id\":\"https:\\\/\\\/www.camping-laplage.com\\\/es\\\/#website\",\"url\":\"https:\\\/\\\/www.camping-laplage.com\\\/es\\\/\",\"name\":\"Camping La Plage \u00e0 Meyronne\",\"description\":\"Familles et couples recherchant un camping en Dordogne avec acc\u00e8s direct \u00e0 la rivi\u00e8re pr\u00e8s de Rocamadour pour des vacances nature dans le Lot.\",\"publisher\":{\"@id\":\"https:\\\/\\\/www.camping-laplage.com\\\/es\\\/#organization\"},\"alternateName\":\"Camping La Plage situ\u00e9 au bord de la Dordogne dans le Lot \u00e0 Meyronne, pr\u00e8s de Rocamadour et du Gouffre de Padirac. Le camping propose des emplacements, des mobil-homes et un acc\u00e8s direct \u00e0 la rivi\u00e8re pour les vacances nature et les activit\u00e9s de plein air dans la Vall\u00e9e de la Dordogne.\",\"potentialAction\":[{\"@type\":\"SearchAction\",\"target\":{\"@type\":\"EntryPoint\",\"urlTemplate\":\"https:\\\/\\\/www.camping-laplage.com\\\/es\\\/?s={search_term_string}\"},\"query-input\":{\"@type\":\"PropertyValueSpecification\",\"valueRequired\":true,\"valueName\":\"search_term_string\"}}],\"inLanguage\":\"es\"},{\"@type\":\"Organization\",\"@id\":\"https:\\\/\\\/www.camping-laplage.com\\\/es\\\/#organization\",\"name\":\"Familles et couples recherchant un camping en Dordogne avec acc\u00e8s direct \u00e0 la rivi\u00e8re pr\u00e8s de Rocamadour pour des vacances nature dans le Lot.\",\"alternateName\":\"Camping La Plage situ\u00e9 au bord de la Dordogne dans le Lot \u00e0 Meyronne, pr\u00e8s de Rocamadour et du Gouffre de Padirac. Le camping propose des emplacements, des mobil-homes et un acc\u00e8s direct \u00e0 la rivi\u00e8re pour les vacances nature et les activit\u00e9s de plein air dans la Vall\u00e9e de la Dordogne.\",\"url\":\"https:\\\/\\\/www.camping-laplage.com\\\/es\\\/\",\"logo\":{\"@type\":\"ImageObject\",\"inLanguage\":\"es\",\"@id\":\"https:\\\/\\\/www.camping-laplage.com\\\/es\\\/#\\\/schema\\\/logo\\\/image\\\/\",\"url\":\"https:\\\/\\\/www.camping-laplage.com\\\/wp-content\\\/uploads\\\/2026\\\/02\\\/Camping-la-Plage-au-bord-de-la-Dordogne-Logo.svg\",\"contentUrl\":\"https:\\\/\\\/www.camping-laplage.com\\\/wp-content\\\/uploads\\\/2026\\\/02\\\/Camping-la-Plage-au-bord-de-la-Dordogne-Logo.svg\",\"width\":1125,\"height\":1124,\"caption\":\"Familles et couples recherchant un camping en Dordogne avec acc\u00e8s direct \u00e0 la rivi\u00e8re pr\u00e8s de Rocamadour pour des vacances nature dans le Lot.\"},\"image\":{\"@id\":\"https:\\\/\\\/www.camping-laplage.com\\\/es\\\/#\\\/schema\\\/logo\\\/image\\\/\"},\"sameAs\":[\"https:\\\/\\\/www.facebook.com\\\/campinglaplagemeyronne\\\/\"]},{\"@type\":\"Person\",\"@id\":\"https:\\\/\\\/www.camping-laplage.com\\\/es\\\/#\\\/schema\\\/person\\\/77defc644360c4923de10287f3a4fb58\",\"name\":\"Ema92150@\",\"sameAs\":[\"https:\\\/\\\/camping-laplage.emavista.fr\"]}]}<\/script>\n<!-- \/ Yoast SEO plugin. -->","yoast_head_json":{"title":"Visitar Collonges-la-Rouge - Camping La Plage \u00e0 Meyronne \ud83d\udca6","description":"Collonges-la-Rouge: callejuelas de arenisca roja, iglesia, castillo. A 50 min del Camping La Plage en Meyronne, a orillas del Dordo\u00f1a.","robots":{"index":"index","follow":"follow","max-snippet":"max-snippet:-1","max-image-preview":"max-image-preview:large","max-video-preview":"max-video-preview:-1"},"canonical":"https:\/\/www.camping-laplage.com\/es\/camping-la-plage-cerca-de-collonges-la-rouge\/","og_locale":"es_ES","og_type":"article","og_title":"Visitar Collonges-la-Rouge - Camping La Plage \u00e0 Meyronne \ud83d\udca6","og_description":"Collonges-la-Rouge: callejuelas de arenisca roja, iglesia, castillo. A 50 min del Camping La Plage en Meyronne, a orillas del Dordo\u00f1a.","og_url":"https:\/\/www.camping-laplage.com\/es\/camping-la-plage-cerca-de-collonges-la-rouge\/","og_site_name":"Camping La Plage \u00e0 Meyronne","article_publisher":"https:\/\/www.facebook.com\/campinglaplagemeyronne\/","article_published_time":"2026-01-26T15:26:37+00:00","article_modified_time":"2026-04-20T09:42:38+00:00","og_image":[{"width":2000,"height":900,"url":"https:\/\/www.camping-laplage.com\/wp-content\/uploads\/2026\/01\/Camping-au-bord-de-la-Dordogne-dans-le-Lot-Camping-La-Plage-a-Meyronne-Collonges-la-Rouge.jpg","type":"image\/jpeg"}],"author":"Ema92150@","twitter_card":"summary_large_image","twitter_misc":{"Escrito por":"Ema92150@","Tiempo de lectura":"2 minutos"},"schema":{"@context":"https:\/\/schema.org","@graph":[{"@type":"Article","@id":"https:\/\/www.camping-laplage.com\/es\/camping-la-plage-cerca-de-collonges-la-rouge\/#article","isPartOf":{"@id":"https:\/\/www.camping-laplage.com\/es\/camping-la-plage-cerca-de-collonges-la-rouge\/"},"author":{"name":"Ema92150@","@id":"https:\/\/www.camping-laplage.com\/es\/#\/schema\/person\/77defc644360c4923de10287f3a4fb58"},"headline":"Camping La Plage cerca de Collonges-la-Rouge","datePublished":"2026-01-26T15:26:37+00:00","dateModified":"2026-04-20T09:42:38+00:00","mainEntityOfPage":{"@id":"https:\/\/www.camping-laplage.com\/es\/camping-la-plage-cerca-de-collonges-la-rouge\/"},"wordCount":465,"commentCount":0,"publisher":{"@id":"https:\/\/www.camping-laplage.com\/es\/#organization"},"image":{"@id":"https:\/\/www.camping-laplage.com\/es\/camping-la-plage-cerca-de-collonges-la-rouge\/#primaryimage"},"thumbnailUrl":"https:\/\/www.camping-laplage.com\/wp-content\/uploads\/2026\/01\/Camping-au-bord-de-la-Dordogne-dans-le-Lot-Camping-La-Plage-a-Meyronne-Collonges-la-Rouge.jpg","articleSection":["Ciudades y Pueblos","Naturaleza y Senderismo"],"inLanguage":"es","potentialAction":[{"@type":"CommentAction","name":"Comment","target":["https:\/\/www.camping-laplage.com\/es\/camping-la-plage-cerca-de-collonges-la-rouge\/#respond"]}]},{"@type":"WebPage","@id":"https:\/\/www.camping-laplage.com\/es\/camping-la-plage-cerca-de-collonges-la-rouge\/","url":"https:\/\/www.camping-laplage.com\/es\/camping-la-plage-cerca-de-collonges-la-rouge\/","name":"Visitar Collonges-la-Rouge - Camping La Plage \u00e0 Meyronne \ud83d\udca6","isPartOf":{"@id":"https:\/\/www.camping-laplage.com\/es\/#website"},"primaryImageOfPage":{"@id":"https:\/\/www.camping-laplage.com\/es\/camping-la-plage-cerca-de-collonges-la-rouge\/#primaryimage"},"image":{"@id":"https:\/\/www.camping-laplage.com\/es\/camping-la-plage-cerca-de-collonges-la-rouge\/#primaryimage"},"thumbnailUrl":"https:\/\/www.camping-laplage.com\/wp-content\/uploads\/2026\/01\/Camping-au-bord-de-la-Dordogne-dans-le-Lot-Camping-La-Plage-a-Meyronne-Collonges-la-Rouge.jpg","datePublished":"2026-01-26T15:26:37+00:00","dateModified":"2026-04-20T09:42:38+00:00","description":"Collonges-la-Rouge: callejuelas de arenisca roja, iglesia, castillo. A 50 min del Camping La Plage en Meyronne, a orillas del Dordo\u00f1a.","breadcrumb":{"@id":"https:\/\/www.camping-laplage.com\/es\/camping-la-plage-cerca-de-collonges-la-rouge\/#breadcrumb"},"inLanguage":"es","potentialAction":[{"@type":"ReadAction","target":["https:\/\/www.camping-laplage.com\/es\/camping-la-plage-cerca-de-collonges-la-rouge\/"]}]},{"@type":"ImageObject","inLanguage":"es","@id":"https:\/\/www.camping-laplage.com\/es\/camping-la-plage-cerca-de-collonges-la-rouge\/#primaryimage","url":"https:\/\/www.camping-laplage.com\/wp-content\/uploads\/2026\/01\/Camping-au-bord-de-la-Dordogne-dans-le-Lot-Camping-La-Plage-a-Meyronne-Collonges-la-Rouge.jpg","contentUrl":"https:\/\/www.camping-laplage.com\/wp-content\/uploads\/2026\/01\/Camping-au-bord-de-la-Dordogne-dans-le-Lot-Camping-La-Plage-a-Meyronne-Collonges-la-Rouge.jpg","width":2000,"height":900},{"@type":"BreadcrumbList","@id":"https:\/\/www.camping-laplage.com\/es\/camping-la-plage-cerca-de-collonges-la-rouge\/#breadcrumb","itemListElement":[{"@type":"ListItem","position":1,"name":"Accueil","item":"https:\/\/www.camping-laplage.com\/es\/"},{"@type":"ListItem","position":2,"name":"Sin categorizar","item":"https:\/\/www.camping-laplage.com\/es\/category\/sin-categorizar\/"},{"@type":"ListItem","position":3,"name":"Camping La Plage cerca de Collonges-la-Rouge"}]},{"@type":"WebSite","@id":"https:\/\/www.camping-laplage.com\/es\/#website","url":"https:\/\/www.camping-laplage.com\/es\/","name":"Camping La Plage \u00e0 Meyronne","description":"Familles et couples recherchant un camping en Dordogne avec acc\u00e8s direct \u00e0 la rivi\u00e8re pr\u00e8s de Rocamadour pour des vacances nature dans le Lot.","publisher":{"@id":"https:\/\/www.camping-laplage.com\/es\/#organization"},"alternateName":"Camping La Plage situ\u00e9 au bord de la Dordogne dans le Lot \u00e0 Meyronne, pr\u00e8s de Rocamadour et du Gouffre de Padirac. Le camping propose des emplacements, des mobil-homes et un acc\u00e8s direct \u00e0 la rivi\u00e8re pour les vacances nature et les activit\u00e9s de plein air dans la Vall\u00e9e de la Dordogne.","potentialAction":[{"@type":"SearchAction","target":{"@type":"EntryPoint","urlTemplate":"https:\/\/www.camping-laplage.com\/es\/?s={search_term_string}"},"query-input":{"@type":"PropertyValueSpecification","valueRequired":true,"valueName":"search_term_string"}}],"inLanguage":"es"},{"@type":"Organization","@id":"https:\/\/www.camping-laplage.com\/es\/#organization","name":"Familles et couples recherchant un camping en Dordogne avec acc\u00e8s direct \u00e0 la rivi\u00e8re pr\u00e8s de Rocamadour pour des vacances nature dans le Lot.","alternateName":"Camping La Plage situ\u00e9 au bord de la Dordogne dans le Lot \u00e0 Meyronne, pr\u00e8s de Rocamadour et du Gouffre de Padirac. Le camping propose des emplacements, des mobil-homes et un acc\u00e8s direct \u00e0 la rivi\u00e8re pour les vacances nature et les activit\u00e9s de plein air dans la Vall\u00e9e de la Dordogne.","url":"https:\/\/www.camping-laplage.com\/es\/","logo":{"@type":"ImageObject","inLanguage":"es","@id":"https:\/\/www.camping-laplage.com\/es\/#\/schema\/logo\/image\/","url":"https:\/\/www.camping-laplage.com\/wp-content\/uploads\/2026\/02\/Camping-la-Plage-au-bord-de-la-Dordogne-Logo.svg","contentUrl":"https:\/\/www.camping-laplage.com\/wp-content\/uploads\/2026\/02\/Camping-la-Plage-au-bord-de-la-Dordogne-Logo.svg","width":1125,"height":1124,"caption":"Familles et couples recherchant un camping en Dordogne avec acc\u00e8s direct \u00e0 la rivi\u00e8re pr\u00e8s de Rocamadour pour des vacances nature dans le Lot."},"image":{"@id":"https:\/\/www.camping-laplage.com\/es\/#\/schema\/logo\/image\/"},"sameAs":["https:\/\/www.facebook.com\/campinglaplagemeyronne\/"]},{"@type":"Person","@id":"https:\/\/www.camping-laplage.com\/es\/#\/schema\/person\/77defc644360c4923de10287f3a4fb58","name":"Ema92150@","sameAs":["https:\/\/camping-laplage.emavista.fr"]}]}},"_links":{"self":[{"href":"https:\/\/www.camping-laplage.com\/es\/wp-json\/wp\/v2\/posts\/4459","targetHints":{"allow":["GET"]}}],"collection":[{"href":"https:\/\/www.camping-laplage.com\/es\/wp-json\/wp\/v2\/posts"}],"about":[{"href":"https:\/\/www.camping-laplage.com\/es\/wp-json\/wp\/v2\/types\/post"}],"author":[{"embeddable":true,"href":"https:\/\/www.camping-laplage.com\/es\/wp-json\/wp\/v2\/users\/1"}],"replies":[{"embeddable":true,"href":"https:\/\/www.camping-laplage.com\/es\/wp-json\/wp\/v2\/comments?post=4459"}],"version-history":[{"count":1,"href":"https:\/\/www.camping-laplage.com\/es\/wp-json\/wp\/v2\/posts\/4459\/revisions"}],"predecessor-version":[{"id":4465,"href":"https:\/\/www.camping-laplage.com\/es\/wp-json\/wp\/v2\/posts\/4459\/revisions\/4465"}],"wp:featuredmedia":[{"embeddable":true,"href":"https:\/\/www.camping-laplage.com\/es\/wp-json\/wp\/v2\/media\/4464"}],"wp:attachment":[{"href":"https:\/\/www.camping-laplage.com\/es\/wp-json\/wp\/v2\/media?parent=4459"}],"wp:term":[{"taxonomy":"category","embeddable":true,"href":"https:\/\/www.camping-laplage.com\/es\/wp-json\/wp\/v2\/categories?post=4459"},{"taxonomy":"post_tag","embeddable":true,"href":"https:\/\/www.camping-laplage.com\/es\/wp-json\/wp\/v2\/tags?post=4459"}],"curies":[{"name":"wp","href":"https:\/\/api.w.org\/{rel}","templated":true}]}}