{"id":5184,"date":"2025-12-24T09:03:29","date_gmt":"2025-12-24T09:03:29","guid":{"rendered":"https:\/\/www.camping-laplage.com\/parque-de-animales-de-gramat-en-gramat\/"},"modified":"2026-04-28T10:22:24","modified_gmt":"2026-04-28T10:22:24","slug":"parque-de-animales-de-gramat-en-gramat","status":"publish","type":"post","link":"https:\/\/www.camping-laplage.com\/es\/parque-de-animales-de-gramat-en-gramat\/","title":{"rendered":"Parque de animales de Gramat en Gramat"},"content":{"rendered":"\t\t<div data-elementor-type=\"wp-page\" data-elementor-id=\"5184\" class=\"elementor elementor-5184 elementor-1580\" data-elementor-post-type=\"post\">\n\t\t\t\t<div class=\"elementor-element elementor-element-522b8da e-flex e-con-boxed e-con e-parent\" data-id=\"522b8da\" data-element_type=\"container\" data-e-type=\"container\" data-settings=\"{&quot;background_background&quot;:&quot;classic&quot;}\">\n\t\t\t\t\t<div class=\"e-con-inner\">\n\t\t\t\t<div class=\"elementor-element elementor-element-e6bcc94 elementor-widget elementor-widget-heading\" data-id=\"e6bcc94\" data-element_type=\"widget\" data-e-type=\"widget\" data-widget_type=\"heading.default\">\n\t\t\t\t<div class=\"elementor-widget-container\">\n\t\t\t\t\t<h1 class=\"elementor-heading-title elementor-size-default\">El Parque de animales de Gramat<\/h1>\t\t\t\t<\/div>\n\t\t\t\t<\/div>\n\t\t\t\t<div class=\"elementor-element elementor-element-7d8d95b elementor-widget elementor-widget-heading\" data-id=\"7d8d95b\" data-element_type=\"widget\" data-e-type=\"widget\" data-widget_type=\"heading.default\">\n\t\t\t\t<div class=\"elementor-widget-container\">\n\t\t\t\t\t<h2 class=\"elementor-heading-title elementor-size-default\">Cerca del Camping La Plage en Meyronne<\/h2>\t\t\t\t<\/div>\n\t\t\t\t<\/div>\n\t\t\t\t\t<\/div>\n\t\t\t\t<\/div>\n\t\t<div class=\"elementor-element elementor-element-ac68f3b e-con-full e-flex e-con e-parent\" data-id=\"ac68f3b\" data-element_type=\"container\" data-e-type=\"container\">\n\t\t\t\t<div class=\"elementor-element elementor-element-4b9cd8d elementor-widget elementor-widget-shortcode\" data-id=\"4b9cd8d\" data-element_type=\"widget\" data-e-type=\"widget\" data-widget_type=\"shortcode.default\">\n\t\t\t\t<div class=\"elementor-widget-container\">\n\t\t\t\t\t\t\t<div class=\"elementor-shortcode\">\t\t<div data-elementor-type=\"section\" data-elementor-id=\"4190\" class=\"elementor elementor-4190 elementor-53 elementor-53\" data-elementor-post-type=\"elementor_library\">\n\t\t\t<div class=\"elementor-element elementor-element-081a621 e-flex e-con-boxed e-con e-parent\" data-id=\"081a621\" data-element_type=\"container\" data-e-type=\"container\" data-settings=\"{&quot;background_background&quot;:&quot;classic&quot;}\">\n\t\t\t\t\t<div class=\"e-con-inner\">\n\t\t\t\t<div class=\"elementor-element elementor-element-59ef112 elementor-widget elementor-widget-html\" data-id=\"59ef112\" data-element_type=\"widget\" data-e-type=\"widget\" data-widget_type=\"html.default\">\n\t\t\t\t<div class=\"elementor-widget-container\">\n\t\t\t\t\t<ctv-searchbar><\/ctv-searchbar><\/ctv-searchbar>\t\t\t\t<\/div>\n\t\t\t\t<\/div>\n\t\t\t\t\t<\/div>\n\t\t\t\t<\/div>\n\t\t\t\t<\/div>\n\t\t<\/div>\n\t\t\t\t\t\t<\/div>\n\t\t\t\t<\/div>\n\t\t\t\t<\/div>\n\t\t<div class=\"elementor-element elementor-element-4220ee8 e-flex e-con-boxed e-con e-parent\" data-id=\"4220ee8\" data-element_type=\"container\" data-e-type=\"container\" data-settings=\"{&quot;background_background&quot;:&quot;classic&quot;}\">\n\t\t\t\t\t<div class=\"e-con-inner\">\n\t\t\t\t<div class=\"elementor-element elementor-element-3caaa4f elementor-invisible elementor-widget elementor-widget-heading\" data-id=\"3caaa4f\" data-element_type=\"widget\" data-e-type=\"widget\" data-settings=\"{&quot;_animation&quot;:&quot;fadeIn&quot;}\" data-widget_type=\"heading.default\">\n\t\t\t\t<div class=\"elementor-widget-container\">\n\t\t\t\t\t<p class=\"elementor-heading-title elementor-size-default\">El Parque de animales de Gramat<\/p>\t\t\t\t<\/div>\n\t\t\t\t<\/div>\n\t\t\t\t<div class=\"elementor-element elementor-element-3a9e7ee elementor-invisible elementor-widget elementor-widget-heading\" data-id=\"3a9e7ee\" data-element_type=\"widget\" data-e-type=\"widget\" data-settings=\"{&quot;_animation&quot;:&quot;fadeIn&quot;}\" data-widget_type=\"heading.default\">\n\t\t\t\t<div class=\"elementor-widget-container\">\n\t\t\t\t\t<h2 class=\"elementor-heading-title elementor-size-default\">A menos de una hora del Camping La Plage en Meyronne<\/h2>\t\t\t\t<\/div>\n\t\t\t\t<\/div>\n\t\t\t\t<div class=\"elementor-element elementor-element-052db08 elementor-invisible elementor-widget elementor-widget-image\" data-id=\"052db08\" data-element_type=\"widget\" data-e-type=\"widget\" data-settings=\"{&quot;_animation&quot;:&quot;fadeIn&quot;}\" data-widget_type=\"image.default\">\n\t\t\t\t<div class=\"elementor-widget-container\">\n\t\t\t\t\t\t\t\t\t\t\t\t\t\t\t<img fetchpriority=\"high\" decoding=\"async\" width=\"500\" height=\"500\" src=\"https:\/\/www.camping-laplage.com\/wp-content\/uploads\/2025\/04\/Camping-de-la-plage-dans-le-lot-et-la-vallee-de-dordogne-ornementation-doree.svg\" class=\"attachment-large size-large wp-image-3418\" alt=\"\" \/>\t\t\t\t\t\t\t\t\t\t\t\t\t\t\t<\/div>\n\t\t\t\t<\/div>\n\t\t<div class=\"elementor-element elementor-element-3c75a2e e-con-full e-flex e-con e-child\" data-id=\"3c75a2e\" data-element_type=\"container\" data-e-type=\"container\">\n\t\t<div class=\"elementor-element elementor-element-3cfcd80 e-con-full e-flex elementor-invisible e-con e-child\" data-id=\"3cfcd80\" data-element_type=\"container\" data-e-type=\"container\" data-settings=\"{&quot;animation&quot;:&quot;fadeInLeft&quot;}\">\n\t\t\t\t<div class=\"elementor-element elementor-element-2ce1ea2 elementor-widget elementor-widget-text-editor\" data-id=\"2ce1ea2\" data-element_type=\"widget\" data-e-type=\"widget\" data-widget_type=\"text-editor.default\">\n\t\t\t\t<div class=\"elementor-widget-container\">\n\t\t\t\t\t\t\t\t\t<div class=\"text-base my-auto mx-auto pb-10 [--thread-content-margin:--spacing(4)] @w-sm\/main:[--thread-content-margin:--spacing(6)] @w-lg\/main:[--thread-content-margin:--spacing(16)] px-(--thread-content-margin)\">\n<div class=\"[--thread-content-max-width:40rem] @w-lg\/main:[--thread-content-max-width:48rem] mx-auto max-w-(--thread-content-max-width) flex-1 group\/turn-messages focus-visible:outline-hidden relative flex w-full min-w-0 flex-col agent-turn\" tabindex=\"-1\">\n<div class=\"flex max-w-full flex-col grow\">\n<div class=\"min-h-8 text-message relative flex w-full flex-col items-end gap-2 text-start break-words whitespace-normal [.text-message+&amp;]:mt-1\" dir=\"auto\" data-message-author-role=\"assistant\" data-message-id=\"0385d738-dc2e-4ba0-a893-46b2a2d72e4e\" data-message-model-slug=\"gpt-5-2-thinking\">\n<div class=\"flex w-full flex-col gap-1 empty:hidden first:pt-[1px]\">\n<div class=\"markdown prose dark:prose-invert w-full break-words light markdown-new-styling\">\n<p data-start=\"0\" data-end=\"529\">A <strong data-start=\"2\" data-end=\"47\">30 minutos del Camping La Plage en Meyronne<\/strong>, el <strong data-start=\"52\" data-end=\"80\">Parque de animales de Gramat<\/strong> es una salida de naturaleza ideal en familia, entre Rocamadour y el Gouffre de Padirac. En <strong data-start=\"169\" data-end=\"201\">m\u00e1s de 40 hect\u00e1reas de sombra<\/strong>, recorrer\u00e9is unos <strong data-start=\"226\" data-end=\"246\">4 km de senderos<\/strong> para conocer a cerca de <strong data-start=\"272\" data-end=\"289\">1.000 animales<\/strong> (fauna europea y animales dom\u00e9sticos): lobos, osos, linces, bisontes, nutrias\u2026 <\/p>\n<p data-start=\"0\" data-end=\"529\">Calculad <strong data-start=\"378\" data-end=\"398\">unas 3 horas<\/strong> para disfrutar plenamente de la visita, salpicada de <strong data-start=\"449\" data-end=\"463\">actividades<\/strong> y momentos de observaci\u00f3n en pleno entorno preservado.<\/p>\n<\/div>\n<\/div>\n<\/div>\n<\/div>\n<\/div>\n<\/div>\t\t\t\t\t\t\t\t<\/div>\n\t\t\t\t<\/div>\n\t\t\t\t<div class=\"elementor-element elementor-element-70af296 elementor-align-left elementor-widget elementor-widget-button\" data-id=\"70af296\" data-element_type=\"widget\" data-e-type=\"widget\" data-widget_type=\"button.default\">\n\t\t\t\t<div class=\"elementor-widget-container\">\n\t\t\t\t\t\t\t\t\t<div class=\"elementor-button-wrapper\">\n\t\t\t\t\t<a class=\"elementor-button elementor-button-link elementor-size-sm\" href=\"https:\/\/www.gramat-parc-animalier.com\/\" target=\"_blank\">\n\t\t\t\t\t\t<span class=\"elementor-button-content-wrapper\">\n\t\t\t\t\t\t\t\t\t<span class=\"elementor-button-text\">\u00a1Reserva tus entradas!<\/span>\n\t\t\t\t\t<\/span>\n\t\t\t\t\t<\/a>\n\t\t\t\t<\/div>\n\t\t\t\t\t\t\t\t<\/div>\n\t\t\t\t<\/div>\n\t\t\t\t<\/div>\n\t\t<div class=\"elementor-element elementor-element-6ba313e e-con-full e-flex elementor-invisible e-con e-child\" data-id=\"6ba313e\" data-element_type=\"container\" data-e-type=\"container\" data-settings=\"{&quot;animation&quot;:&quot;fadeInRight&quot;}\">\n\t\t\t\t<div class=\"elementor-element elementor-element-946b08e elementor-widget elementor-widget-image\" data-id=\"946b08e\" data-element_type=\"widget\" data-e-type=\"widget\" data-widget_type=\"image.default\">\n\t\t\t\t<div class=\"elementor-widget-container\">\n\t\t\t\t\t\t\t\t\t\t\t\t\t\t\t<img decoding=\"async\" width=\"800\" height=\"533\" src=\"https:\/\/www.camping-laplage.com\/wp-content\/uploads\/2025\/12\/Camping-au-bord-de-la-Dordogne-dans-le-Lot-Camping-La-Plage-a-Meyronne-Parc-animalier-de-Gramat-1.jpg\" class=\"attachment-large size-large wp-image-5188\" alt=\"\" srcset=\"https:\/\/www.camping-laplage.com\/wp-content\/uploads\/2025\/12\/Camping-au-bord-de-la-Dordogne-dans-le-Lot-Camping-La-Plage-a-Meyronne-Parc-animalier-de-Gramat-1.jpg 900w, https:\/\/www.camping-laplage.com\/wp-content\/uploads\/2025\/12\/Camping-au-bord-de-la-Dordogne-dans-le-Lot-Camping-La-Plage-a-Meyronne-Parc-animalier-de-Gramat-1-300x200.jpg 300w, https:\/\/www.camping-laplage.com\/wp-content\/uploads\/2025\/12\/Camping-au-bord-de-la-Dordogne-dans-le-Lot-Camping-La-Plage-a-Meyronne-Parc-animalier-de-Gramat-1-768x512.jpg 768w\" sizes=\"(max-width: 800px) 100vw, 800px\" \/>\t\t\t\t\t\t\t\t\t\t\t\t\t\t\t<\/div>\n\t\t\t\t<\/div>\n\t\t\t\t<\/div>\n\t\t\t\t<\/div>\n\t\t\t\t\t<\/div>\n\t\t\t\t<\/div>\n\t\t<div class=\"elementor-element elementor-element-76a30c5 e-con-full e-flex e-con e-parent\" data-id=\"76a30c5\" data-element_type=\"container\" data-e-type=\"container\" data-settings=\"{&quot;background_background&quot;:&quot;classic&quot;}\">\n\t\t<div class=\"elementor-element elementor-element-73c2474 e-con-full e-flex elementor-invisible e-con e-child\" data-id=\"73c2474\" data-element_type=\"container\" data-e-type=\"container\" data-settings=\"{&quot;animation&quot;:&quot;fadeInLeft&quot;}\">\n\t\t\t\t<div class=\"elementor-element elementor-element-d6c3891 elementor-widget elementor-widget-image\" data-id=\"d6c3891\" data-element_type=\"widget\" data-e-type=\"widget\" data-widget_type=\"image.default\">\n\t\t\t\t<div class=\"elementor-widget-container\">\n\t\t\t\t\t\t\t\t\t\t\t\t\t\t\t<img decoding=\"async\" width=\"800\" height=\"533\" src=\"https:\/\/www.camping-laplage.com\/wp-content\/uploads\/2025\/12\/Camping-au-bord-de-la-Dordogne-dans-le-Lot-Camping-La-Plage-a-Meyronne-Parc-animalier-de-Gramat-2.jpg\" class=\"attachment-large size-large wp-image-5186\" alt=\"\" srcset=\"https:\/\/www.camping-laplage.com\/wp-content\/uploads\/2025\/12\/Camping-au-bord-de-la-Dordogne-dans-le-Lot-Camping-La-Plage-a-Meyronne-Parc-animalier-de-Gramat-2.jpg 900w, https:\/\/www.camping-laplage.com\/wp-content\/uploads\/2025\/12\/Camping-au-bord-de-la-Dordogne-dans-le-Lot-Camping-La-Plage-a-Meyronne-Parc-animalier-de-Gramat-2-300x200.jpg 300w, https:\/\/www.camping-laplage.com\/wp-content\/uploads\/2025\/12\/Camping-au-bord-de-la-Dordogne-dans-le-Lot-Camping-La-Plage-a-Meyronne-Parc-animalier-de-Gramat-2-768x512.jpg 768w\" sizes=\"(max-width: 800px) 100vw, 800px\" \/>\t\t\t\t\t\t\t\t\t\t\t\t\t\t\t<\/div>\n\t\t\t\t<\/div>\n\t\t\t\t<\/div>\n\t\t<div class=\"elementor-element elementor-element-f7d27ed e-con-full e-flex elementor-invisible e-con e-child\" data-id=\"f7d27ed\" data-element_type=\"container\" data-e-type=\"container\" data-settings=\"{&quot;animation&quot;:&quot;fadeInRight&quot;}\">\n\t\t\t\t<div class=\"elementor-element elementor-element-984f8b3 elementor-widget elementor-widget-heading\" data-id=\"984f8b3\" data-element_type=\"widget\" data-e-type=\"widget\" data-widget_type=\"heading.default\">\n\t\t\t\t<div class=\"elementor-widget-container\">\n\t\t\t\t\t<h3 class=\"elementor-heading-title elementor-size-default\">El parque: un gran paseo en el coraz\u00f3n de la fauna europea<\/h3>\t\t\t\t<\/div>\n\t\t\t\t<\/div>\n\t\t\t\t<div class=\"elementor-element elementor-element-f654238 elementor-widget-divider--view-line elementor-widget elementor-widget-divider\" data-id=\"f654238\" data-element_type=\"widget\" data-e-type=\"widget\" data-widget_type=\"divider.default\">\n\t\t\t\t<div class=\"elementor-widget-container\">\n\t\t\t\t\t\t\t<div class=\"elementor-divider\">\n\t\t\t<span class=\"elementor-divider-separator\">\n\t\t\t\t\t\t<\/span>\n\t\t<\/div>\n\t\t\t\t\t\t<\/div>\n\t\t\t\t<\/div>\n\t\t\t\t<div class=\"elementor-element elementor-element-e4ee05b elementor-widget elementor-widget-text-editor\" data-id=\"e4ee05b\" data-element_type=\"widget\" data-e-type=\"widget\" data-widget_type=\"text-editor.default\">\n\t\t\t\t<div class=\"elementor-widget-container\">\n\t\t\t\t\t\t\t\t\t<p>El <strong data-start=\"71\" data-end=\"99\">Parque de animales de Gramat<\/strong> se visita como un aut\u00e9ntico paseo por la naturaleza: un <strong data-start=\"148\" data-end=\"166\">parque de observaci\u00f3n<\/strong> instalado en <strong data-start=\"180\" data-end=\"204\">40 hect\u00e1reas de sombra<\/strong>, entre Rocamadour y Padirac, donde se descubren <strong data-start=\"252\" data-end=\"275\">m\u00e1s de 150 especies<\/strong> y cerca de <strong data-start=\"289\" data-end=\"306\">1.000 animales<\/strong> (fauna europea + razas dom\u00e9sticas). La visita se hace a vuestro ritmo en un <strong data-start=\"387\" data-end=\"414\">recorrido de unos 4 km<\/strong>, normalmente en <strong data-start=\"432\" data-end=\"444\">3 horas<\/strong>, con puntos de observaci\u00f3n a lo largo de los senderos. <\/p>\t\t\t\t\t\t\t\t<\/div>\n\t\t\t\t<\/div>\n\t\t\t\t<\/div>\n\t\t\t\t<\/div>\n\t\t<div class=\"elementor-element elementor-element-3c5e19f e-con-full e-flex e-con e-parent\" data-id=\"3c5e19f\" data-element_type=\"container\" data-e-type=\"container\" data-settings=\"{&quot;background_background&quot;:&quot;classic&quot;}\">\n\t\t<div class=\"elementor-element elementor-element-5a25bb7 e-con-full e-flex elementor-invisible e-con e-child\" data-id=\"5a25bb7\" data-element_type=\"container\" data-e-type=\"container\" data-settings=\"{&quot;animation&quot;:&quot;fadeInLeft&quot;}\">\n\t\t\t\t<div class=\"elementor-element elementor-element-5b5e811 elementor-widget elementor-widget-heading\" data-id=\"5b5e811\" data-element_type=\"widget\" data-e-type=\"widget\" data-widget_type=\"heading.default\">\n\t\t\t\t<div class=\"elementor-widget-container\">\n\t\t\t\t\t<h3 class=\"elementor-heading-title elementor-size-default\">Las actividades: alimentaciones comentadas seg\u00fan la \u00e9poca<\/h3>\t\t\t\t<\/div>\n\t\t\t\t<\/div>\n\t\t\t\t<div class=\"elementor-element elementor-element-c18f943 elementor-widget-divider--view-line elementor-widget elementor-widget-divider\" data-id=\"c18f943\" data-element_type=\"widget\" data-e-type=\"widget\" data-widget_type=\"divider.default\">\n\t\t\t\t<div class=\"elementor-widget-container\">\n\t\t\t\t\t\t\t<div class=\"elementor-divider\">\n\t\t\t<span class=\"elementor-divider-separator\">\n\t\t\t\t\t\t<\/span>\n\t\t<\/div>\n\t\t\t\t\t\t<\/div>\n\t\t\t\t<\/div>\n\t\t\t\t<div class=\"elementor-element elementor-element-d5c0aad elementor-widget elementor-widget-text-editor\" data-id=\"d5c0aad\" data-element_type=\"widget\" data-e-type=\"widget\" data-widget_type=\"text-editor.default\">\n\t\t\t\t<div class=\"elementor-widget-container\">\n\t\t\t\t\t\t\t\t\t<p>Adem\u00e1s de la visita libre, el parque ofrece <strong data-start=\"656\" data-end=\"682\">actividades de alimentaci\u00f3n<\/strong> en determinados momentos (en especial <strong data-start=\"713\" data-end=\"746\">los fines de semana y festivos<\/strong>, seg\u00fan la temporada), incluidas en la entrada al parque. La agenda destaca regularmente citas en torno a distintas especies (p. ej., alimentaciones tem\u00e1ticas), perfectas para ver a los animales m\u00e1s activos y aprender observando el trabajo de los cuidadores. <\/p>\t\t\t\t\t\t\t\t<\/div>\n\t\t\t\t<\/div>\n\t\t\t\t<\/div>\n\t\t<div class=\"elementor-element elementor-element-348820c e-con-full e-flex elementor-invisible e-con e-child\" data-id=\"348820c\" data-element_type=\"container\" data-e-type=\"container\" data-settings=\"{&quot;animation&quot;:&quot;fadeInRight&quot;}\">\n\t\t\t\t<div class=\"elementor-element elementor-element-693dff0 elementor-widget elementor-widget-image\" data-id=\"693dff0\" data-element_type=\"widget\" data-e-type=\"widget\" data-widget_type=\"image.default\">\n\t\t\t\t<div class=\"elementor-widget-container\">\n\t\t\t\t\t\t\t\t\t\t\t\t\t\t\t<img loading=\"lazy\" decoding=\"async\" width=\"800\" height=\"533\" src=\"https:\/\/www.camping-laplage.com\/wp-content\/uploads\/2025\/12\/Camping-au-bord-de-la-Dordogne-dans-le-Lot-Camping-La-Plage-a-Meyronne-Parc-animalier-de-Gramat-3.jpg\" class=\"attachment-large size-large wp-image-5187\" alt=\"\" srcset=\"https:\/\/www.camping-laplage.com\/wp-content\/uploads\/2025\/12\/Camping-au-bord-de-la-Dordogne-dans-le-Lot-Camping-La-Plage-a-Meyronne-Parc-animalier-de-Gramat-3.jpg 900w, https:\/\/www.camping-laplage.com\/wp-content\/uploads\/2025\/12\/Camping-au-bord-de-la-Dordogne-dans-le-Lot-Camping-La-Plage-a-Meyronne-Parc-animalier-de-Gramat-3-300x200.jpg 300w, https:\/\/www.camping-laplage.com\/wp-content\/uploads\/2025\/12\/Camping-au-bord-de-la-Dordogne-dans-le-Lot-Camping-La-Plage-a-Meyronne-Parc-animalier-de-Gramat-3-768x512.jpg 768w\" sizes=\"(max-width: 800px) 100vw, 800px\" \/>\t\t\t\t\t\t\t\t\t\t\t\t\t\t\t<\/div>\n\t\t\t\t<\/div>\n\t\t\t\t<\/div>\n\t\t\t\t<\/div>\n\t\t<div class=\"elementor-element elementor-element-24678c5 e-con-full e-flex e-con e-parent\" data-id=\"24678c5\" data-element_type=\"container\" data-e-type=\"container\" data-settings=\"{&quot;background_background&quot;:&quot;classic&quot;}\">\n\t\t<div class=\"elementor-element elementor-element-42dcdeb e-con-full e-flex elementor-invisible e-con e-child\" data-id=\"42dcdeb\" data-element_type=\"container\" data-e-type=\"container\" data-settings=\"{&quot;animation&quot;:&quot;fadeInLeft&quot;}\">\n\t\t\t\t<div class=\"elementor-element elementor-element-74b587c elementor-widget elementor-widget-image\" data-id=\"74b587c\" data-element_type=\"widget\" data-e-type=\"widget\" data-widget_type=\"image.default\">\n\t\t\t\t<div class=\"elementor-widget-container\">\n\t\t\t\t\t\t\t\t\t\t\t\t\t\t\t<img loading=\"lazy\" decoding=\"async\" width=\"900\" height=\"600\" src=\"https:\/\/www.camping-laplage.com\/wp-content\/uploads\/2025\/12\/Camping-au-bord-de-la-Dordogne-dans-le-Lot-Camping-La-Plage-a-Meyronne-Parc-animalier-de-Gramat-4.jpg\" class=\"attachment-full size-full wp-image-4401\" alt=\"\" srcset=\"https:\/\/www.camping-laplage.com\/wp-content\/uploads\/2025\/12\/Camping-au-bord-de-la-Dordogne-dans-le-Lot-Camping-La-Plage-a-Meyronne-Parc-animalier-de-Gramat-4.jpg 900w, https:\/\/www.camping-laplage.com\/wp-content\/uploads\/2025\/12\/Camping-au-bord-de-la-Dordogne-dans-le-Lot-Camping-La-Plage-a-Meyronne-Parc-animalier-de-Gramat-4-300x200.jpg 300w, https:\/\/www.camping-laplage.com\/wp-content\/uploads\/2025\/12\/Camping-au-bord-de-la-Dordogne-dans-le-Lot-Camping-La-Plage-a-Meyronne-Parc-animalier-de-Gramat-4-768x512.jpg 768w\" sizes=\"(max-width: 900px) 100vw, 900px\" \/>\t\t\t\t\t\t\t\t\t\t\t\t\t\t\t<\/div>\n\t\t\t\t<\/div>\n\t\t\t\t<\/div>\n\t\t<div class=\"elementor-element elementor-element-15a6b1c e-con-full e-flex elementor-invisible e-con e-child\" data-id=\"15a6b1c\" data-element_type=\"container\" data-e-type=\"container\" data-settings=\"{&quot;animation&quot;:&quot;fadeInRight&quot;}\">\n\t\t\t\t<div class=\"elementor-element elementor-element-cb6c9e5 elementor-widget elementor-widget-heading\" data-id=\"cb6c9e5\" data-element_type=\"widget\" data-e-type=\"widget\" data-widget_type=\"heading.default\">\n\t\t\t\t<div class=\"elementor-widget-container\">\n\t\t\t\t\t<h3 class=\"elementor-heading-title elementor-size-default\">Las experiencias inmersivas<\/h3>\t\t\t\t<\/div>\n\t\t\t\t<\/div>\n\t\t\t\t<div class=\"elementor-element elementor-element-54c6754 elementor-widget-divider--view-line elementor-widget elementor-widget-divider\" data-id=\"54c6754\" data-element_type=\"widget\" data-e-type=\"widget\" data-widget_type=\"divider.default\">\n\t\t\t\t<div class=\"elementor-widget-container\">\n\t\t\t\t\t\t\t<div class=\"elementor-divider\">\n\t\t\t<span class=\"elementor-divider-separator\">\n\t\t\t\t\t\t<\/span>\n\t\t<\/div>\n\t\t\t\t\t\t<\/div>\n\t\t\t\t<\/div>\n\t\t\t\t<div class=\"elementor-element elementor-element-c53adc4 elementor-widget elementor-widget-text-editor\" data-id=\"c53adc4\" data-element_type=\"widget\" data-e-type=\"widget\" data-widget_type=\"text-editor.default\">\n\t\t\t\t<div class=\"elementor-widget-container\">\n\t\t\t\t\t\t\t\t\t<p>Si quer\u00e9is una versi\u00f3n m\u00e1s inmersiva, el parque ofrece dos formatos con reserva: <strong data-start=\"1194\" data-end=\"1218\">\u201cCuidador por un d\u00eda\u201d<\/strong> (unas <strong data-start=\"1228\" data-end=\"1236\">3 h 30 min<\/strong> por la ma\u00f1ana, muy cerca de los entresijos del oficio) y <strong data-start=\"1290\" data-end=\"1318\">\u201cAlimentaci\u00f3n a la carta\u201d<\/strong> (unos <strong data-start=\"1328\" data-end=\"1342\">20 minutos<\/strong>, <strong data-start=\"1344\" data-end=\"1352\">45 \u20ac<\/strong> para un grupo de <strong data-start=\"1371\" data-end=\"1390\">1 a 6 personas<\/strong>, reserva <strong data-start=\"1404\" data-end=\"1420\">con al menos 48 h<\/strong> de antelaci\u00f3n, franjas a las 15:00 o 16:00). Experiencias ideales para hacer el viaje inolvidable, sobre todo con ni\u00f1os curiosos o amantes de los animales. <\/p>\t\t\t\t\t\t\t\t<\/div>\n\t\t\t\t<\/div>\n\t\t\t\t<\/div>\n\t\t\t\t<\/div>\n\t\t<div class=\"elementor-element elementor-element-8b58d99 e-con-full e-flex e-con e-parent\" data-id=\"8b58d99\" data-element_type=\"container\" data-e-type=\"container\" data-settings=\"{&quot;background_background&quot;:&quot;classic&quot;}\">\n\t\t<div class=\"elementor-element elementor-element-b37c556 e-con-full e-flex elementor-invisible e-con e-child\" data-id=\"b37c556\" data-element_type=\"container\" data-e-type=\"container\" data-settings=\"{&quot;animation&quot;:&quot;fadeInLeft&quot;}\">\n\t\t\t\t<div class=\"elementor-element elementor-element-139629b elementor-widget elementor-widget-heading\" data-id=\"139629b\" data-element_type=\"widget\" data-e-type=\"widget\" data-widget_type=\"heading.default\">\n\t\t\t\t<div class=\"elementor-widget-container\">\n\t\t\t\t\t<h3 class=\"elementor-heading-title elementor-size-default\">Servicios pr\u00e1cticos para una visita con total tranquilidad<\/h3>\t\t\t\t<\/div>\n\t\t\t\t<\/div>\n\t\t\t\t<div class=\"elementor-element elementor-element-b1ba46b elementor-widget-divider--view-line elementor-widget elementor-widget-divider\" data-id=\"b1ba46b\" data-element_type=\"widget\" data-e-type=\"widget\" data-widget_type=\"divider.default\">\n\t\t\t\t<div class=\"elementor-widget-container\">\n\t\t\t\t\t\t\t<div class=\"elementor-divider\">\n\t\t\t<span class=\"elementor-divider-separator\">\n\t\t\t\t\t\t<\/span>\n\t\t<\/div>\n\t\t\t\t\t\t<\/div>\n\t\t\t\t<\/div>\n\t\t\t\t<div class=\"elementor-element elementor-element-b03900f elementor-widget elementor-widget-text-editor\" data-id=\"b03900f\" data-element_type=\"widget\" data-e-type=\"widget\" data-widget_type=\"text-editor.default\">\n\t\t\t\t<div class=\"elementor-widget-container\">\n\t\t\t\t\t\t\t\t\t<p data-start=\"59\" data-end=\"92\"><strong data-start=\"59\" data-end=\"90\">En el lugar encontrar\u00e1s:<\/strong><\/p>\n<ul data-start=\"93\" data-end=\"483\">\n<li data-start=\"93\" data-end=\"219\">\n<p data-start=\"95\" data-end=\"219\">Una <strong data-start=\"99\" data-end=\"110\">cafeter\u00eda<\/strong> abierta todo el a\u00f1o (bebidas, helados, cr\u00eapes\/gofres), con <strong data-start=\"174\" data-end=\"192\">sala climatizada<\/strong> y <strong data-start=\"196\" data-end=\"217\">terraza sombreada<\/strong><\/p>\n<\/li>\n<li data-start=\"220\" data-end=\"310\">\n<p data-start=\"222\" data-end=\"310\">Un <strong data-start=\"225\" data-end=\"233\">autoservicio<\/strong> (seg\u00fan temporada: de las vacaciones de Pascua al final de las vacaciones de Todos los Santos)<\/p>\n<\/li>\n<li data-start=\"311\" data-end=\"393\">\n<p data-start=\"313\" data-end=\"393\">Un <strong data-start=\"316\" data-end=\"346\">\u00e1rea de p\u00edcnic sombreada<\/strong> dentro del parque (p\u00edcnic permitido)<\/p>\n<\/li>\n<li data-start=\"394\" data-end=\"483\">\n<p data-start=\"396\" data-end=\"483\"><strong data-start=\"400\" data-end=\"420\">Zonas cubiertas<\/strong> en caso de lluvia (porche \/ sala pedag\u00f3gica \/ zonas resguardadas)<\/p>\n<\/li>\n<\/ul>\t\t\t\t\t\t\t\t<\/div>\n\t\t\t\t<\/div>\n\t\t\t\t<\/div>\n\t\t<div class=\"elementor-element elementor-element-d65a8a0 e-con-full e-flex elementor-invisible e-con e-child\" data-id=\"d65a8a0\" data-element_type=\"container\" data-e-type=\"container\" data-settings=\"{&quot;animation&quot;:&quot;fadeInLeft&quot;}\">\n\t\t\t\t<div class=\"elementor-element elementor-element-bc4af12 elementor-widget elementor-widget-heading\" data-id=\"bc4af12\" data-element_type=\"widget\" data-e-type=\"widget\" data-widget_type=\"heading.default\">\n\t\t\t\t<div class=\"elementor-widget-container\">\n\t\t\t\t\t<h3 class=\"elementor-heading-title elementor-size-default\">Acceso desde el Camping La Plage en Meyronne<\/h3>\t\t\t\t<\/div>\n\t\t\t\t<\/div>\n\t\t\t\t<div class=\"elementor-element elementor-element-c75cc23 elementor-widget-divider--view-line elementor-widget elementor-widget-divider\" data-id=\"c75cc23\" data-element_type=\"widget\" data-e-type=\"widget\" data-widget_type=\"divider.default\">\n\t\t\t\t<div class=\"elementor-widget-container\">\n\t\t\t\t\t\t\t<div class=\"elementor-divider\">\n\t\t\t<span class=\"elementor-divider-separator\">\n\t\t\t\t\t\t<\/span>\n\t\t<\/div>\n\t\t\t\t\t\t<\/div>\n\t\t\t\t<\/div>\n\t\t\t\t<div class=\"elementor-element elementor-element-7ca7c79 elementor-widget elementor-widget-text-editor\" data-id=\"7ca7c79\" data-element_type=\"widget\" data-e-type=\"widget\" data-widget_type=\"text-editor.default\">\n\t\t\t\t<div class=\"elementor-widget-container\">\n\t\t\t\t\t\t\t\t\t<p data-start=\"535\" data-end=\"663\"><strong data-start=\"535\" data-end=\"551\">Itinerario:<\/strong><br data-start=\"551\" data-end=\"554\">Desde el camping, tomad la <strong data-start=\"583\" data-end=\"608\">D807 direcci\u00f3n Gramat<\/strong>. Calculad <strong data-start=\"618\" data-end=\"648\">unos 30 minutos (23 km)<\/strong> hasta el parque. <\/p>\n<p data-start=\"665\" data-end=\"686\"><strong data-start=\"665\" data-end=\"684\">Accesibilidad:<\/strong><\/p>\n<ul>\n<li data-start=\"689\" data-end=\"721\"><strong data-start=\"689\" data-end=\"708\">Aparcamiento gratuito<\/strong> en la entrada<\/li>\n<li data-start=\"724\" data-end=\"847\">Parque adaptado para <strong data-start=\"740\" data-end=\"754\">carritos<\/strong> y accesible para <strong data-start=\"773\" data-end=\"805\">personas con movilidad reducida<\/strong> (caminos acondicionados + aseos adaptados)<\/li>\n<li data-start=\"850\" data-end=\"956\">Llevad <strong data-start=\"861\" data-end=\"882\">buen calzado<\/strong>: paseo por la naturaleza de unas <strong data-start=\"909\" data-end=\"921\">3 horas<\/strong> en un recorrido de unos <strong data-start=\"948\" data-end=\"956\">4 km<\/strong><\/li>\n<\/ul>\t\t\t\t\t\t\t\t<\/div>\n\t\t\t\t<\/div>\n\t\t\t\t<\/div>\n\t\t\t\t<\/div>\n\t\t\t\t<\/div>\n\t\t","protected":false},"excerpt":{"rendered":"<p>A 30 minutos del Camping La Plage en Meyronne, el Parque de animales de Gramat es una salida de naturaleza ideal en familia, entre Rocamadour y el Gouffre de Padirac. En m\u00e1s de 40 hect\u00e1reas de sombra, recorrer\u00e9is unos 4 km de senderos para conocer a cerca de 1.000 animales (fauna europea y animales dom\u00e9sticos): lobos, osos, linces, bisontes, nutrias\u2026 <\/p>\n","protected":false},"author":1,"featured_media":5187,"comment_status":"open","ping_status":"closed","sticky":false,"template":"","format":"standard","meta":{"footnotes":""},"categories":[92,94,95],"tags":[],"class_list":["post-5184","post","type-post","status-publish","format-standard","has-post-thumbnail","hentry","category-naturaleza-y-senderismo","category-para-hacer-en-familia","category-parque-acuatico-y-de-animales"],"yoast_head":"<!-- This site is optimized with the Yoast SEO plugin v27.5 - https:\/\/yoast.com\/product\/yoast-seo-wordpress\/ -->\n<title>Parque de animales de Gramat - Camping La Plage \u00e0 Meyronne \ud83d\udca6<\/title>\n<meta name=\"description\" content=\"Parque de animales de Gramat, una visita ideal en familia cerca del Camping La Plage en Meyronne.\" \/>\n<meta name=\"robots\" content=\"index, follow, max-snippet:-1, max-image-preview:large, max-video-preview:-1\" \/>\n<link rel=\"canonical\" href=\"https:\/\/www.camping-laplage.com\/es\/parque-de-animales-de-gramat-en-gramat\/\" \/>\n<meta property=\"og:locale\" content=\"es_ES\" \/>\n<meta property=\"og:type\" content=\"article\" \/>\n<meta property=\"og:title\" content=\"Parque de animales de Gramat - Camping La Plage \u00e0 Meyronne \ud83d\udca6\" \/>\n<meta property=\"og:description\" content=\"Parque de animales de Gramat, una visita ideal en familia cerca del Camping La Plage en Meyronne.\" \/>\n<meta property=\"og:url\" content=\"https:\/\/www.camping-laplage.com\/es\/parque-de-animales-de-gramat-en-gramat\/\" \/>\n<meta property=\"og:site_name\" content=\"Camping La Plage \u00e0 Meyronne\" \/>\n<meta property=\"article:publisher\" content=\"https:\/\/www.facebook.com\/campinglaplagemeyronne\/\" \/>\n<meta property=\"article:published_time\" content=\"2025-12-24T09:03:29+00:00\" \/>\n<meta property=\"article:modified_time\" content=\"2026-04-28T10:22:24+00:00\" \/>\n<meta property=\"og:image\" content=\"https:\/\/www.camping-laplage.com\/wp-content\/uploads\/2025\/12\/Camping-au-bord-de-la-Dordogne-dans-le-Lot-Camping-La-Plage-a-Meyronne-Parc-animalier-de-Gramat-3.jpg\" \/>\n\t<meta property=\"og:image:width\" content=\"900\" \/>\n\t<meta property=\"og:image:height\" content=\"600\" \/>\n\t<meta property=\"og:image:type\" content=\"image\/jpeg\" \/>\n<meta name=\"author\" content=\"Ema92150@\" \/>\n<meta name=\"twitter:card\" content=\"summary_large_image\" \/>\n<meta name=\"twitter:label1\" content=\"Escrito por\" \/>\n\t<meta name=\"twitter:data1\" content=\"Ema92150@\" \/>\n\t<meta name=\"twitter:label2\" content=\"Tiempo de lectura\" \/>\n\t<meta name=\"twitter:data2\" content=\"2 minutos\" \/>\n<script type=\"application\/ld+json\" class=\"yoast-schema-graph\">{\"@context\":\"https:\\\/\\\/schema.org\",\"@graph\":[{\"@type\":\"Article\",\"@id\":\"https:\\\/\\\/www.camping-laplage.com\\\/es\\\/parque-de-animales-de-gramat-en-gramat\\\/#article\",\"isPartOf\":{\"@id\":\"https:\\\/\\\/www.camping-laplage.com\\\/es\\\/parque-de-animales-de-gramat-en-gramat\\\/\"},\"author\":{\"name\":\"Ema92150@\",\"@id\":\"https:\\\/\\\/www.camping-laplage.com\\\/es\\\/#\\\/schema\\\/person\\\/77defc644360c4923de10287f3a4fb58\"},\"headline\":\"Parque de animales de Gramat en Gramat\",\"datePublished\":\"2025-12-24T09:03:29+00:00\",\"dateModified\":\"2026-04-28T10:22:24+00:00\",\"mainEntityOfPage\":{\"@id\":\"https:\\\/\\\/www.camping-laplage.com\\\/es\\\/parque-de-animales-de-gramat-en-gramat\\\/\"},\"wordCount\":504,\"commentCount\":0,\"publisher\":{\"@id\":\"https:\\\/\\\/www.camping-laplage.com\\\/es\\\/#organization\"},\"image\":{\"@id\":\"https:\\\/\\\/www.camping-laplage.com\\\/es\\\/parque-de-animales-de-gramat-en-gramat\\\/#primaryimage\"},\"thumbnailUrl\":\"https:\\\/\\\/www.camping-laplage.com\\\/wp-content\\\/uploads\\\/2025\\\/12\\\/Camping-au-bord-de-la-Dordogne-dans-le-Lot-Camping-La-Plage-a-Meyronne-Parc-animalier-de-Gramat-3.jpg\",\"articleSection\":[\"Naturaleza y Senderismo\",\"Para hacer en familia\",\"Parque acu\u00e1tico y de animales\"],\"inLanguage\":\"es\",\"potentialAction\":[{\"@type\":\"CommentAction\",\"name\":\"Comment\",\"target\":[\"https:\\\/\\\/www.camping-laplage.com\\\/es\\\/parque-de-animales-de-gramat-en-gramat\\\/#respond\"]}]},{\"@type\":\"WebPage\",\"@id\":\"https:\\\/\\\/www.camping-laplage.com\\\/es\\\/parque-de-animales-de-gramat-en-gramat\\\/\",\"url\":\"https:\\\/\\\/www.camping-laplage.com\\\/es\\\/parque-de-animales-de-gramat-en-gramat\\\/\",\"name\":\"Parque de animales de Gramat - Camping La Plage \u00e0 Meyronne \ud83d\udca6\",\"isPartOf\":{\"@id\":\"https:\\\/\\\/www.camping-laplage.com\\\/es\\\/#website\"},\"primaryImageOfPage\":{\"@id\":\"https:\\\/\\\/www.camping-laplage.com\\\/es\\\/parque-de-animales-de-gramat-en-gramat\\\/#primaryimage\"},\"image\":{\"@id\":\"https:\\\/\\\/www.camping-laplage.com\\\/es\\\/parque-de-animales-de-gramat-en-gramat\\\/#primaryimage\"},\"thumbnailUrl\":\"https:\\\/\\\/www.camping-laplage.com\\\/wp-content\\\/uploads\\\/2025\\\/12\\\/Camping-au-bord-de-la-Dordogne-dans-le-Lot-Camping-La-Plage-a-Meyronne-Parc-animalier-de-Gramat-3.jpg\",\"datePublished\":\"2025-12-24T09:03:29+00:00\",\"dateModified\":\"2026-04-28T10:22:24+00:00\",\"description\":\"Parque de animales de Gramat, una visita ideal en familia cerca del Camping La Plage en Meyronne.\",\"breadcrumb\":{\"@id\":\"https:\\\/\\\/www.camping-laplage.com\\\/es\\\/parque-de-animales-de-gramat-en-gramat\\\/#breadcrumb\"},\"inLanguage\":\"es\",\"potentialAction\":[{\"@type\":\"ReadAction\",\"target\":[\"https:\\\/\\\/www.camping-laplage.com\\\/es\\\/parque-de-animales-de-gramat-en-gramat\\\/\"]}]},{\"@type\":\"ImageObject\",\"inLanguage\":\"es\",\"@id\":\"https:\\\/\\\/www.camping-laplage.com\\\/es\\\/parque-de-animales-de-gramat-en-gramat\\\/#primaryimage\",\"url\":\"https:\\\/\\\/www.camping-laplage.com\\\/wp-content\\\/uploads\\\/2025\\\/12\\\/Camping-au-bord-de-la-Dordogne-dans-le-Lot-Camping-La-Plage-a-Meyronne-Parc-animalier-de-Gramat-3.jpg\",\"contentUrl\":\"https:\\\/\\\/www.camping-laplage.com\\\/wp-content\\\/uploads\\\/2025\\\/12\\\/Camping-au-bord-de-la-Dordogne-dans-le-Lot-Camping-La-Plage-a-Meyronne-Parc-animalier-de-Gramat-3.jpg\",\"width\":900,\"height\":600},{\"@type\":\"BreadcrumbList\",\"@id\":\"https:\\\/\\\/www.camping-laplage.com\\\/es\\\/parque-de-animales-de-gramat-en-gramat\\\/#breadcrumb\",\"itemListElement\":[{\"@type\":\"ListItem\",\"position\":1,\"name\":\"Accueil\",\"item\":\"https:\\\/\\\/www.camping-laplage.com\\\/es\\\/\"},{\"@type\":\"ListItem\",\"position\":2,\"name\":\"Sin categorizar\",\"item\":\"https:\\\/\\\/www.camping-laplage.com\\\/es\\\/category\\\/sin-categorizar\\\/\"},{\"@type\":\"ListItem\",\"position\":3,\"name\":\"Parque de animales de Gramat en Gramat\"}]},{\"@type\":\"WebSite\",\"@id\":\"https:\\\/\\\/www.camping-laplage.com\\\/es\\\/#website\",\"url\":\"https:\\\/\\\/www.camping-laplage.com\\\/es\\\/\",\"name\":\"Camping La Plage \u00e0 Meyronne\",\"description\":\"Familles et couples recherchant un camping en Dordogne avec acc\u00e8s direct \u00e0 la rivi\u00e8re pr\u00e8s de Rocamadour pour des vacances nature dans le Lot.\",\"publisher\":{\"@id\":\"https:\\\/\\\/www.camping-laplage.com\\\/es\\\/#organization\"},\"alternateName\":\"Camping La Plage situ\u00e9 au bord de la Dordogne dans le Lot \u00e0 Meyronne, pr\u00e8s de Rocamadour et du Gouffre de Padirac. Le camping propose des emplacements, des mobil-homes et un acc\u00e8s direct \u00e0 la rivi\u00e8re pour les vacances nature et les activit\u00e9s de plein air dans la Vall\u00e9e de la Dordogne.\",\"potentialAction\":[{\"@type\":\"SearchAction\",\"target\":{\"@type\":\"EntryPoint\",\"urlTemplate\":\"https:\\\/\\\/www.camping-laplage.com\\\/es\\\/?s={search_term_string}\"},\"query-input\":{\"@type\":\"PropertyValueSpecification\",\"valueRequired\":true,\"valueName\":\"search_term_string\"}}],\"inLanguage\":\"es\"},{\"@type\":\"Organization\",\"@id\":\"https:\\\/\\\/www.camping-laplage.com\\\/es\\\/#organization\",\"name\":\"Familles et couples recherchant un camping en Dordogne avec acc\u00e8s direct \u00e0 la rivi\u00e8re pr\u00e8s de Rocamadour pour des vacances nature dans le Lot.\",\"alternateName\":\"Camping La Plage situ\u00e9 au bord de la Dordogne dans le Lot \u00e0 Meyronne, pr\u00e8s de Rocamadour et du Gouffre de Padirac. Le camping propose des emplacements, des mobil-homes et un acc\u00e8s direct \u00e0 la rivi\u00e8re pour les vacances nature et les activit\u00e9s de plein air dans la Vall\u00e9e de la Dordogne.\",\"url\":\"https:\\\/\\\/www.camping-laplage.com\\\/es\\\/\",\"logo\":{\"@type\":\"ImageObject\",\"inLanguage\":\"es\",\"@id\":\"https:\\\/\\\/www.camping-laplage.com\\\/es\\\/#\\\/schema\\\/logo\\\/image\\\/\",\"url\":\"https:\\\/\\\/www.camping-laplage.com\\\/wp-content\\\/uploads\\\/2026\\\/02\\\/Camping-la-Plage-au-bord-de-la-Dordogne-Logo.svg\",\"contentUrl\":\"https:\\\/\\\/www.camping-laplage.com\\\/wp-content\\\/uploads\\\/2026\\\/02\\\/Camping-la-Plage-au-bord-de-la-Dordogne-Logo.svg\",\"width\":1125,\"height\":1124,\"caption\":\"Familles et couples recherchant un camping en Dordogne avec acc\u00e8s direct \u00e0 la rivi\u00e8re pr\u00e8s de Rocamadour pour des vacances nature dans le Lot.\"},\"image\":{\"@id\":\"https:\\\/\\\/www.camping-laplage.com\\\/es\\\/#\\\/schema\\\/logo\\\/image\\\/\"},\"sameAs\":[\"https:\\\/\\\/www.facebook.com\\\/campinglaplagemeyronne\\\/\"]},{\"@type\":\"Person\",\"@id\":\"https:\\\/\\\/www.camping-laplage.com\\\/es\\\/#\\\/schema\\\/person\\\/77defc644360c4923de10287f3a4fb58\",\"name\":\"Ema92150@\",\"sameAs\":[\"https:\\\/\\\/camping-laplage.emavista.fr\"]}]}<\/script>\n<!-- \/ Yoast SEO plugin. -->","yoast_head_json":{"title":"Parque de animales de Gramat - Camping La Plage \u00e0 Meyronne \ud83d\udca6","description":"Parque de animales de Gramat, una visita ideal en familia cerca del Camping La Plage en Meyronne.","robots":{"index":"index","follow":"follow","max-snippet":"max-snippet:-1","max-image-preview":"max-image-preview:large","max-video-preview":"max-video-preview:-1"},"canonical":"https:\/\/www.camping-laplage.com\/es\/parque-de-animales-de-gramat-en-gramat\/","og_locale":"es_ES","og_type":"article","og_title":"Parque de animales de Gramat - Camping La Plage \u00e0 Meyronne \ud83d\udca6","og_description":"Parque de animales de Gramat, una visita ideal en familia cerca del Camping La Plage en Meyronne.","og_url":"https:\/\/www.camping-laplage.com\/es\/parque-de-animales-de-gramat-en-gramat\/","og_site_name":"Camping La Plage \u00e0 Meyronne","article_publisher":"https:\/\/www.facebook.com\/campinglaplagemeyronne\/","article_published_time":"2025-12-24T09:03:29+00:00","article_modified_time":"2026-04-28T10:22:24+00:00","og_image":[{"width":900,"height":600,"url":"https:\/\/www.camping-laplage.com\/wp-content\/uploads\/2025\/12\/Camping-au-bord-de-la-Dordogne-dans-le-Lot-Camping-La-Plage-a-Meyronne-Parc-animalier-de-Gramat-3.jpg","type":"image\/jpeg"}],"author":"Ema92150@","twitter_card":"summary_large_image","twitter_misc":{"Escrito por":"Ema92150@","Tiempo de lectura":"2 minutos"},"schema":{"@context":"https:\/\/schema.org","@graph":[{"@type":"Article","@id":"https:\/\/www.camping-laplage.com\/es\/parque-de-animales-de-gramat-en-gramat\/#article","isPartOf":{"@id":"https:\/\/www.camping-laplage.com\/es\/parque-de-animales-de-gramat-en-gramat\/"},"author":{"name":"Ema92150@","@id":"https:\/\/www.camping-laplage.com\/es\/#\/schema\/person\/77defc644360c4923de10287f3a4fb58"},"headline":"Parque de animales de Gramat en Gramat","datePublished":"2025-12-24T09:03:29+00:00","dateModified":"2026-04-28T10:22:24+00:00","mainEntityOfPage":{"@id":"https:\/\/www.camping-laplage.com\/es\/parque-de-animales-de-gramat-en-gramat\/"},"wordCount":504,"commentCount":0,"publisher":{"@id":"https:\/\/www.camping-laplage.com\/es\/#organization"},"image":{"@id":"https:\/\/www.camping-laplage.com\/es\/parque-de-animales-de-gramat-en-gramat\/#primaryimage"},"thumbnailUrl":"https:\/\/www.camping-laplage.com\/wp-content\/uploads\/2025\/12\/Camping-au-bord-de-la-Dordogne-dans-le-Lot-Camping-La-Plage-a-Meyronne-Parc-animalier-de-Gramat-3.jpg","articleSection":["Naturaleza y Senderismo","Para hacer en familia","Parque acu\u00e1tico y de animales"],"inLanguage":"es","potentialAction":[{"@type":"CommentAction","name":"Comment","target":["https:\/\/www.camping-laplage.com\/es\/parque-de-animales-de-gramat-en-gramat\/#respond"]}]},{"@type":"WebPage","@id":"https:\/\/www.camping-laplage.com\/es\/parque-de-animales-de-gramat-en-gramat\/","url":"https:\/\/www.camping-laplage.com\/es\/parque-de-animales-de-gramat-en-gramat\/","name":"Parque de animales de Gramat - Camping La Plage \u00e0 Meyronne \ud83d\udca6","isPartOf":{"@id":"https:\/\/www.camping-laplage.com\/es\/#website"},"primaryImageOfPage":{"@id":"https:\/\/www.camping-laplage.com\/es\/parque-de-animales-de-gramat-en-gramat\/#primaryimage"},"image":{"@id":"https:\/\/www.camping-laplage.com\/es\/parque-de-animales-de-gramat-en-gramat\/#primaryimage"},"thumbnailUrl":"https:\/\/www.camping-laplage.com\/wp-content\/uploads\/2025\/12\/Camping-au-bord-de-la-Dordogne-dans-le-Lot-Camping-La-Plage-a-Meyronne-Parc-animalier-de-Gramat-3.jpg","datePublished":"2025-12-24T09:03:29+00:00","dateModified":"2026-04-28T10:22:24+00:00","description":"Parque de animales de Gramat, una visita ideal en familia cerca del Camping La Plage en Meyronne.","breadcrumb":{"@id":"https:\/\/www.camping-laplage.com\/es\/parque-de-animales-de-gramat-en-gramat\/#breadcrumb"},"inLanguage":"es","potentialAction":[{"@type":"ReadAction","target":["https:\/\/www.camping-laplage.com\/es\/parque-de-animales-de-gramat-en-gramat\/"]}]},{"@type":"ImageObject","inLanguage":"es","@id":"https:\/\/www.camping-laplage.com\/es\/parque-de-animales-de-gramat-en-gramat\/#primaryimage","url":"https:\/\/www.camping-laplage.com\/wp-content\/uploads\/2025\/12\/Camping-au-bord-de-la-Dordogne-dans-le-Lot-Camping-La-Plage-a-Meyronne-Parc-animalier-de-Gramat-3.jpg","contentUrl":"https:\/\/www.camping-laplage.com\/wp-content\/uploads\/2025\/12\/Camping-au-bord-de-la-Dordogne-dans-le-Lot-Camping-La-Plage-a-Meyronne-Parc-animalier-de-Gramat-3.jpg","width":900,"height":600},{"@type":"BreadcrumbList","@id":"https:\/\/www.camping-laplage.com\/es\/parque-de-animales-de-gramat-en-gramat\/#breadcrumb","itemListElement":[{"@type":"ListItem","position":1,"name":"Accueil","item":"https:\/\/www.camping-laplage.com\/es\/"},{"@type":"ListItem","position":2,"name":"Sin categorizar","item":"https:\/\/www.camping-laplage.com\/es\/category\/sin-categorizar\/"},{"@type":"ListItem","position":3,"name":"Parque de animales de Gramat en Gramat"}]},{"@type":"WebSite","@id":"https:\/\/www.camping-laplage.com\/es\/#website","url":"https:\/\/www.camping-laplage.com\/es\/","name":"Camping La Plage \u00e0 Meyronne","description":"Familles et couples recherchant un camping en Dordogne avec acc\u00e8s direct \u00e0 la rivi\u00e8re pr\u00e8s de Rocamadour pour des vacances nature dans le Lot.","publisher":{"@id":"https:\/\/www.camping-laplage.com\/es\/#organization"},"alternateName":"Camping La Plage situ\u00e9 au bord de la Dordogne dans le Lot \u00e0 Meyronne, pr\u00e8s de Rocamadour et du Gouffre de Padirac. Le camping propose des emplacements, des mobil-homes et un acc\u00e8s direct \u00e0 la rivi\u00e8re pour les vacances nature et les activit\u00e9s de plein air dans la Vall\u00e9e de la Dordogne.","potentialAction":[{"@type":"SearchAction","target":{"@type":"EntryPoint","urlTemplate":"https:\/\/www.camping-laplage.com\/es\/?s={search_term_string}"},"query-input":{"@type":"PropertyValueSpecification","valueRequired":true,"valueName":"search_term_string"}}],"inLanguage":"es"},{"@type":"Organization","@id":"https:\/\/www.camping-laplage.com\/es\/#organization","name":"Familles et couples recherchant un camping en Dordogne avec acc\u00e8s direct \u00e0 la rivi\u00e8re pr\u00e8s de Rocamadour pour des vacances nature dans le Lot.","alternateName":"Camping La Plage situ\u00e9 au bord de la Dordogne dans le Lot \u00e0 Meyronne, pr\u00e8s de Rocamadour et du Gouffre de Padirac. Le camping propose des emplacements, des mobil-homes et un acc\u00e8s direct \u00e0 la rivi\u00e8re pour les vacances nature et les activit\u00e9s de plein air dans la Vall\u00e9e de la Dordogne.","url":"https:\/\/www.camping-laplage.com\/es\/","logo":{"@type":"ImageObject","inLanguage":"es","@id":"https:\/\/www.camping-laplage.com\/es\/#\/schema\/logo\/image\/","url":"https:\/\/www.camping-laplage.com\/wp-content\/uploads\/2026\/02\/Camping-la-Plage-au-bord-de-la-Dordogne-Logo.svg","contentUrl":"https:\/\/www.camping-laplage.com\/wp-content\/uploads\/2026\/02\/Camping-la-Plage-au-bord-de-la-Dordogne-Logo.svg","width":1125,"height":1124,"caption":"Familles et couples recherchant un camping en Dordogne avec acc\u00e8s direct \u00e0 la rivi\u00e8re pr\u00e8s de Rocamadour pour des vacances nature dans le Lot."},"image":{"@id":"https:\/\/www.camping-laplage.com\/es\/#\/schema\/logo\/image\/"},"sameAs":["https:\/\/www.facebook.com\/campinglaplagemeyronne\/"]},{"@type":"Person","@id":"https:\/\/www.camping-laplage.com\/es\/#\/schema\/person\/77defc644360c4923de10287f3a4fb58","name":"Ema92150@","sameAs":["https:\/\/camping-laplage.emavista.fr"]}]}},"_links":{"self":[{"href":"https:\/\/www.camping-laplage.com\/es\/wp-json\/wp\/v2\/posts\/5184","targetHints":{"allow":["GET"]}}],"collection":[{"href":"https:\/\/www.camping-laplage.com\/es\/wp-json\/wp\/v2\/posts"}],"about":[{"href":"https:\/\/www.camping-laplage.com\/es\/wp-json\/wp\/v2\/types\/post"}],"author":[{"embeddable":true,"href":"https:\/\/www.camping-laplage.com\/es\/wp-json\/wp\/v2\/users\/1"}],"replies":[{"embeddable":true,"href":"https:\/\/www.camping-laplage.com\/es\/wp-json\/wp\/v2\/comments?post=5184"}],"version-history":[{"count":1,"href":"https:\/\/www.camping-laplage.com\/es\/wp-json\/wp\/v2\/posts\/5184\/revisions"}],"predecessor-version":[{"id":5189,"href":"https:\/\/www.camping-laplage.com\/es\/wp-json\/wp\/v2\/posts\/5184\/revisions\/5189"}],"wp:featuredmedia":[{"embeddable":true,"href":"https:\/\/www.camping-laplage.com\/es\/wp-json\/wp\/v2\/media\/5187"}],"wp:attachment":[{"href":"https:\/\/www.camping-laplage.com\/es\/wp-json\/wp\/v2\/media?parent=5184"}],"wp:term":[{"taxonomy":"category","embeddable":true,"href":"https:\/\/www.camping-laplage.com\/es\/wp-json\/wp\/v2\/categories?post=5184"},{"taxonomy":"post_tag","embeddable":true,"href":"https:\/\/www.camping-laplage.com\/es\/wp-json\/wp\/v2\/tags?post=5184"}],"curies":[{"name":"wp","href":"https:\/\/api.w.org\/{rel}","templated":true}]}}