{"id":5397,"date":"2026-01-01T20:20:07","date_gmt":"2026-01-01T20:20:07","guid":{"rendered":"https:\/\/www.camping-laplage.com\/de-tuinen-van-marqueyssac-in-vezac\/"},"modified":"2026-04-28T10:28:39","modified_gmt":"2026-04-28T10:28:39","slug":"de-tuinen-van-marqueyssac-in-vezac","status":"publish","type":"post","link":"https:\/\/www.camping-laplage.com\/nl\/de-tuinen-van-marqueyssac-in-vezac\/","title":{"rendered":"De Tuinen van Marqueyssac in V\u00e9zac"},"content":{"rendered":"\t\t<div data-elementor-type=\"wp-page\" data-elementor-id=\"5397\" class=\"elementor elementor-5397 elementor-1731\" data-elementor-post-type=\"post\">\n\t\t\t\t<div class=\"elementor-element elementor-element-522b8da e-flex e-con-boxed e-con e-parent\" data-id=\"522b8da\" data-element_type=\"container\" data-e-type=\"container\" data-settings=\"{&quot;background_background&quot;:&quot;classic&quot;}\">\n\t\t\t\t\t<div class=\"e-con-inner\">\n\t\t\t\t<div class=\"elementor-element elementor-element-e6bcc94 elementor-widget elementor-widget-heading\" data-id=\"e6bcc94\" data-element_type=\"widget\" data-e-type=\"widget\" data-widget_type=\"heading.default\">\n\t\t\t\t<div class=\"elementor-widget-container\">\n\t\t\t\t\t<h1 class=\"elementor-heading-title elementor-size-default\">De Tuinen van Marqueyssac in V\u00e9zac<\/h1>\t\t\t\t<\/div>\n\t\t\t\t<\/div>\n\t\t\t\t<div class=\"elementor-element elementor-element-7d8d95b elementor-widget elementor-widget-heading\" data-id=\"7d8d95b\" data-element_type=\"widget\" data-e-type=\"widget\" data-widget_type=\"heading.default\">\n\t\t\t\t<div class=\"elementor-widget-container\">\n\t\t\t\t\t<h2 class=\"elementor-heading-title elementor-size-default\">Vlak bij Camping La Plage in Meyronne<\/h2>\t\t\t\t<\/div>\n\t\t\t\t<\/div>\n\t\t\t\t\t<\/div>\n\t\t\t\t<\/div>\n\t\t<div class=\"elementor-element elementor-element-ac68f3b e-con-full e-flex e-con e-parent\" data-id=\"ac68f3b\" data-element_type=\"container\" data-e-type=\"container\">\n\t\t\t\t<div class=\"elementor-element elementor-element-4b9cd8d elementor-widget elementor-widget-shortcode\" data-id=\"4b9cd8d\" data-element_type=\"widget\" data-e-type=\"widget\" data-widget_type=\"shortcode.default\">\n\t\t\t\t<div class=\"elementor-widget-container\">\n\t\t\t\t\t\t\t<div class=\"elementor-shortcode\">\t\t<div data-elementor-type=\"section\" data-elementor-id=\"4196\" class=\"elementor elementor-4196 elementor-53 elementor-53\" data-elementor-post-type=\"elementor_library\">\n\t\t\t<div class=\"elementor-element elementor-element-081a621 e-flex e-con-boxed e-con e-parent\" data-id=\"081a621\" data-element_type=\"container\" data-e-type=\"container\" data-settings=\"{&quot;background_background&quot;:&quot;classic&quot;}\">\n\t\t\t\t\t<div class=\"e-con-inner\">\n\t\t\t\t<div class=\"elementor-element elementor-element-59ef112 elementor-widget elementor-widget-html\" data-id=\"59ef112\" data-element_type=\"widget\" data-e-type=\"widget\" data-widget_type=\"html.default\">\n\t\t\t\t<div class=\"elementor-widget-container\">\n\t\t\t\t\t<ctv-searchbar><\/ctv-searchbar><\/ctv-searchbar>\t\t\t\t<\/div>\n\t\t\t\t<\/div>\n\t\t\t\t\t<\/div>\n\t\t\t\t<\/div>\n\t\t\t\t<\/div>\n\t\t<\/div>\n\t\t\t\t\t\t<\/div>\n\t\t\t\t<\/div>\n\t\t\t\t<\/div>\n\t\t<div class=\"elementor-element elementor-element-4220ee8 e-flex e-con-boxed e-con e-parent\" data-id=\"4220ee8\" data-element_type=\"container\" data-e-type=\"container\" data-settings=\"{&quot;background_background&quot;:&quot;classic&quot;}\">\n\t\t\t\t\t<div class=\"e-con-inner\">\n\t\t\t\t<div class=\"elementor-element elementor-element-3caaa4f elementor-invisible elementor-widget elementor-widget-heading\" data-id=\"3caaa4f\" data-element_type=\"widget\" data-e-type=\"widget\" data-settings=\"{&quot;_animation&quot;:&quot;fadeIn&quot;}\" data-widget_type=\"heading.default\">\n\t\t\t\t<div class=\"elementor-widget-container\">\n\t\t\t\t\t<p class=\"elementor-heading-title elementor-size-default\">De Tuinen van Marqueyssac in V\u00e9zac<\/p>\t\t\t\t<\/div>\n\t\t\t\t<\/div>\n\t\t\t\t<div class=\"elementor-element elementor-element-3a9e7ee elementor-invisible elementor-widget elementor-widget-heading\" data-id=\"3a9e7ee\" data-element_type=\"widget\" data-e-type=\"widget\" data-settings=\"{&quot;_animation&quot;:&quot;fadeIn&quot;}\" data-widget_type=\"heading.default\">\n\t\t\t\t<div class=\"elementor-widget-container\">\n\t\t\t\t\t<h2 class=\"elementor-heading-title elementor-size-default\">op minder dan een uur van Camping La Plage in Meyronne<\/h2>\t\t\t\t<\/div>\n\t\t\t\t<\/div>\n\t\t\t\t<div class=\"elementor-element elementor-element-052db08 elementor-invisible elementor-widget elementor-widget-image\" data-id=\"052db08\" data-element_type=\"widget\" data-e-type=\"widget\" data-settings=\"{&quot;_animation&quot;:&quot;fadeIn&quot;}\" data-widget_type=\"image.default\">\n\t\t\t\t<div class=\"elementor-widget-container\">\n\t\t\t\t\t\t\t\t\t\t\t\t\t\t\t<img fetchpriority=\"high\" decoding=\"async\" width=\"500\" height=\"500\" src=\"https:\/\/www.camping-laplage.com\/wp-content\/uploads\/2025\/04\/Camping-de-la-plage-dans-le-lot-et-la-vallee-de-dordogne-ornementation-doree.svg\" class=\"attachment-large size-large wp-image-3006\" alt=\"\" \/>\t\t\t\t\t\t\t\t\t\t\t\t\t\t\t<\/div>\n\t\t\t\t<\/div>\n\t\t<div class=\"elementor-element elementor-element-3c75a2e e-con-full e-flex e-con e-child\" data-id=\"3c75a2e\" data-element_type=\"container\" data-e-type=\"container\">\n\t\t<div class=\"elementor-element elementor-element-3cfcd80 e-con-full e-flex elementor-invisible e-con e-child\" data-id=\"3cfcd80\" data-element_type=\"container\" data-e-type=\"container\" data-settings=\"{&quot;animation&quot;:&quot;fadeInLeft&quot;}\">\n\t\t\t\t<div class=\"elementor-element elementor-element-2ce1ea2 elementor-widget elementor-widget-text-editor\" data-id=\"2ce1ea2\" data-element_type=\"widget\" data-e-type=\"widget\" data-widget_type=\"text-editor.default\">\n\t\t\t\t<div class=\"elementor-widget-container\">\n\t\t\t\t\t\t\t\t\t<p>Op <strong data-start=\"2\" data-end=\"32\">45 km (ongeveer 50 minuten)<\/strong> van Camping La Plage in Meyronne bieden de <strong data-start=\"69\" data-end=\"105\">hangende tuinen van Marqueyssac<\/strong> een van de mooiste wandelingen van de <strong data-start=\"147\" data-end=\"164\">P\u00e9rigord Noir<\/strong>, perfect als je op zoek bent naar een uitstapje in de buitenlucht waar natuur, erfgoed en panorama&#8217;s samenkomen.<\/p><p>Het landgoed is aangelegd op een <strong data-start=\"270\" data-end=\"288\">rotspunt<\/strong> en domineert de vallei vanaf de <strong data-start=\"329\" data-end=\"351\">kalkstenen kliffen<\/strong>. Het biedt een elegante wandeling, bijna buiten de tijd, rondom een <strong data-start=\"422\" data-end=\"451\">kasteel met een dak van leistenen<\/strong>.<\/p>\t\t\t\t\t\t\t\t<\/div>\n\t\t\t\t<\/div>\n\t\t\t\t<div class=\"elementor-element elementor-element-70af296 elementor-align-left elementor-widget elementor-widget-button\" data-id=\"70af296\" data-element_type=\"widget\" data-e-type=\"widget\" data-widget_type=\"button.default\">\n\t\t\t\t<div class=\"elementor-widget-container\">\n\t\t\t\t\t\t\t\t\t<div class=\"elementor-button-wrapper\">\n\t\t\t\t\t<a class=\"elementor-button elementor-button-link elementor-size-sm\" href=\"https:\/\/www.eyrignac.com\/\" target=\"_blank\">\n\t\t\t\t\t\t<span class=\"elementor-button-content-wrapper\">\n\t\t\t\t\t\t\t\t\t<span class=\"elementor-button-text\">Bekijk de website<\/span>\n\t\t\t\t\t<\/span>\n\t\t\t\t\t<\/a>\n\t\t\t\t<\/div>\n\t\t\t\t\t\t\t\t<\/div>\n\t\t\t\t<\/div>\n\t\t\t\t<\/div>\n\t\t<div class=\"elementor-element elementor-element-6ba313e e-con-full e-flex elementor-invisible e-con e-child\" data-id=\"6ba313e\" data-element_type=\"container\" data-e-type=\"container\" data-settings=\"{&quot;animation&quot;:&quot;fadeInRight&quot;}\">\n\t\t\t\t<div class=\"elementor-element elementor-element-946b08e elementor-widget elementor-widget-image\" data-id=\"946b08e\" data-element_type=\"widget\" data-e-type=\"widget\" data-widget_type=\"image.default\">\n\t\t\t\t<div class=\"elementor-widget-container\">\n\t\t\t\t\t\t\t\t\t\t\t\t\t\t\t<img decoding=\"async\" width=\"800\" height=\"533\" src=\"https:\/\/www.camping-laplage.com\/wp-content\/uploads\/2026\/01\/Camping-au-bord-de-la-Dordogne-dans-le-Lot-Camping-La-Plage-a-Meyronne-Les-Jardins-de-Marqueyssac-a-Vezac-4.jpg\" class=\"attachment-large size-large wp-image-5401\" alt=\"\" srcset=\"https:\/\/www.camping-laplage.com\/wp-content\/uploads\/2026\/01\/Camping-au-bord-de-la-Dordogne-dans-le-Lot-Camping-La-Plage-a-Meyronne-Les-Jardins-de-Marqueyssac-a-Vezac-4.jpg 900w, https:\/\/www.camping-laplage.com\/wp-content\/uploads\/2026\/01\/Camping-au-bord-de-la-Dordogne-dans-le-Lot-Camping-La-Plage-a-Meyronne-Les-Jardins-de-Marqueyssac-a-Vezac-4-300x200.jpg 300w, https:\/\/www.camping-laplage.com\/wp-content\/uploads\/2026\/01\/Camping-au-bord-de-la-Dordogne-dans-le-Lot-Camping-La-Plage-a-Meyronne-Les-Jardins-de-Marqueyssac-a-Vezac-4-768x512.jpg 768w\" sizes=\"(max-width: 800px) 100vw, 800px\" \/>\t\t\t\t\t\t\t\t\t\t\t\t\t\t\t<\/div>\n\t\t\t\t<\/div>\n\t\t\t\t<\/div>\n\t\t\t\t<\/div>\n\t\t\t\t\t<\/div>\n\t\t\t\t<\/div>\n\t\t<div class=\"elementor-element elementor-element-76a30c5 e-con-full e-flex e-con e-parent\" data-id=\"76a30c5\" data-element_type=\"container\" data-e-type=\"container\" data-settings=\"{&quot;background_background&quot;:&quot;classic&quot;}\">\n\t\t<div class=\"elementor-element elementor-element-73c2474 e-con-full e-flex elementor-invisible e-con e-child\" data-id=\"73c2474\" data-element_type=\"container\" data-e-type=\"container\" data-settings=\"{&quot;animation&quot;:&quot;fadeInLeft&quot;}\">\n\t\t\t\t<div class=\"elementor-element elementor-element-d6c3891 elementor-widget elementor-widget-image\" data-id=\"d6c3891\" data-element_type=\"widget\" data-e-type=\"widget\" data-widget_type=\"image.default\">\n\t\t\t\t<div class=\"elementor-widget-container\">\n\t\t\t\t\t\t\t\t\t\t\t\t\t\t\t<img decoding=\"async\" width=\"800\" height=\"533\" src=\"https:\/\/www.camping-laplage.com\/wp-content\/uploads\/2026\/01\/Camping-au-bord-de-la-Dordogne-dans-le-Lot-Camping-La-Plage-a-Meyronne-Les-Jardins-de-Marqueyssac-a-Vezac-2.jpg\" class=\"attachment-large size-large wp-image-5399\" alt=\"\" srcset=\"https:\/\/www.camping-laplage.com\/wp-content\/uploads\/2026\/01\/Camping-au-bord-de-la-Dordogne-dans-le-Lot-Camping-La-Plage-a-Meyronne-Les-Jardins-de-Marqueyssac-a-Vezac-2.jpg 900w, https:\/\/www.camping-laplage.com\/wp-content\/uploads\/2026\/01\/Camping-au-bord-de-la-Dordogne-dans-le-Lot-Camping-La-Plage-a-Meyronne-Les-Jardins-de-Marqueyssac-a-Vezac-2-300x200.jpg 300w, https:\/\/www.camping-laplage.com\/wp-content\/uploads\/2026\/01\/Camping-au-bord-de-la-Dordogne-dans-le-Lot-Camping-La-Plage-a-Meyronne-Les-Jardins-de-Marqueyssac-a-Vezac-2-768x512.jpg 768w\" sizes=\"(max-width: 800px) 100vw, 800px\" \/>\t\t\t\t\t\t\t\t\t\t\t\t\t\t\t<\/div>\n\t\t\t\t<\/div>\n\t\t\t\t<\/div>\n\t\t<div class=\"elementor-element elementor-element-f7d27ed e-con-full e-flex elementor-invisible e-con e-child\" data-id=\"f7d27ed\" data-element_type=\"container\" data-e-type=\"container\" data-settings=\"{&quot;animation&quot;:&quot;fadeInRight&quot;}\">\n\t\t\t\t<div class=\"elementor-element elementor-element-984f8b3 elementor-widget elementor-widget-heading\" data-id=\"984f8b3\" data-element_type=\"widget\" data-e-type=\"widget\" data-widget_type=\"heading.default\">\n\t\t\t\t<div class=\"elementor-widget-container\">\n\t\t\t\t\t<h3 class=\"elementor-heading-title elementor-size-default\">Een plantaardig meesterwerk<\/h3>\t\t\t\t<\/div>\n\t\t\t\t<\/div>\n\t\t\t\t<div class=\"elementor-element elementor-element-f654238 elementor-widget-divider--view-line elementor-widget elementor-widget-divider\" data-id=\"f654238\" data-element_type=\"widget\" data-e-type=\"widget\" data-widget_type=\"divider.default\">\n\t\t\t\t<div class=\"elementor-widget-container\">\n\t\t\t\t\t\t\t<div class=\"elementor-divider\">\n\t\t\t<span class=\"elementor-divider-separator\">\n\t\t\t\t\t\t<\/span>\n\t\t<\/div>\n\t\t\t\t\t\t<\/div>\n\t\t\t\t<\/div>\n\t\t\t\t<div class=\"elementor-element elementor-element-e4ee05b elementor-widget elementor-widget-text-editor\" data-id=\"e4ee05b\" data-element_type=\"widget\" data-e-type=\"widget\" data-widget_type=\"text-editor.default\">\n\t\t\t\t<div class=\"elementor-widget-container\">\n\t\t\t\t\t\t\t\t\t<p>Marqueyssac is bovenal een uniek kenmerk: <strong data-start=\"908\" data-end=\"954\">150.000 honderdjarige, met de hand gesnoeide buxussen<\/strong>, strak opgesteld, afgerond en gesculptureerd, die &#8220;groene kamers&#8221; vormen waar je heerlijk in de schaduw kunt wandelen. Het park is <strong data-start=\"1057\" data-end=\"1072\">22 hectare<\/strong> groot en biedt <strong data-start=\"1084\" data-end=\"1100\">meer dan 6 km<\/strong> aan paden, tussen uitkijkpunten, rotstuinen, watervallen en groene theaters\u2026 Elke bocht opent een nieuw perspectief op de <strong data-start=\"1223\" data-end=\"1248\">Dordogne-vallei<\/strong>. <\/p>\t\t\t\t\t\t\t\t<\/div>\n\t\t\t\t<\/div>\n\t\t\t\t<\/div>\n\t\t\t\t<\/div>\n\t\t<div class=\"elementor-element elementor-element-3c5e19f e-con-full e-flex e-con e-parent\" data-id=\"3c5e19f\" data-element_type=\"container\" data-e-type=\"container\" data-settings=\"{&quot;background_background&quot;:&quot;classic&quot;}\">\n\t\t<div class=\"elementor-element elementor-element-5a25bb7 e-con-full e-flex elementor-invisible e-con e-child\" data-id=\"5a25bb7\" data-element_type=\"container\" data-e-type=\"container\" data-settings=\"{&quot;animation&quot;:&quot;fadeInLeft&quot;}\">\n\t\t\t\t<div class=\"elementor-element elementor-element-5b5e811 elementor-widget elementor-widget-heading\" data-id=\"5b5e811\" data-element_type=\"widget\" data-e-type=\"widget\" data-widget_type=\"heading.default\">\n\t\t\t\t<div class=\"elementor-widget-container\">\n\t\t\t\t\t<h3 class=\"elementor-heading-title elementor-size-default\">Activiteiten voor gezinnen<\/h3>\t\t\t\t<\/div>\n\t\t\t\t<\/div>\n\t\t\t\t<div class=\"elementor-element elementor-element-c18f943 elementor-widget-divider--view-line elementor-widget elementor-widget-divider\" data-id=\"c18f943\" data-element_type=\"widget\" data-e-type=\"widget\" data-widget_type=\"divider.default\">\n\t\t\t\t<div class=\"elementor-widget-container\">\n\t\t\t\t\t\t\t<div class=\"elementor-divider\">\n\t\t\t<span class=\"elementor-divider-separator\">\n\t\t\t\t\t\t<\/span>\n\t\t<\/div>\n\t\t\t\t\t\t<\/div>\n\t\t\t\t<\/div>\n\t\t\t\t<div class=\"elementor-element elementor-element-d5c0aad elementor-widget__width-initial elementor-widget elementor-widget-text-editor\" data-id=\"d5c0aad\" data-element_type=\"widget\" data-e-type=\"widget\" data-widget_type=\"text-editor.default\">\n\t\t\t\t<div class=\"elementor-widget-container\">\n\t\t\t\t\t\t\t\t\t<p>Dit is de tuin van de &#8220;uitzichten&#8221;: je komt hier net zozeer voor de <strong data-start=\"63\" data-end=\"80\">gesculptureerde buxussen<\/strong> als voor de panorama&#8217;s. De <strong data-start=\"108\" data-end=\"134\">Promenade des Falaises<\/strong> met zijn uitkijkpunten is een absolute aanrader, vooral aan het einde van de middag wanneer het gouden licht over de vallei valt. En terwijl de volwassenen genieten van de rustigere plekjes (bij de rotstuinen en watervallen), kunnen de kinderen hun energie kwijt: grote open ruimtes, hutten en een <strong data-start=\"410\" data-end=\"432\">buxusdoolhof<\/strong> om te verkennen. Leuke bonus: het park herbergt ook <strong data-start=\"489\" data-end=\"516\">dieren in semi-vrijheid<\/strong>, waaronder <strong data-start=\"532\" data-end=\"541\">pauwen<\/strong> die over de paden wandelen en <strong data-start=\"582\" data-end=\"593\">schapen<\/strong> die worden ingezet voor <strong data-start=\"610\" data-end=\"625\">ecobegrazing<\/strong>, een zachte en ecologische manier om bepaalde delen van het landgoed te onderhouden.   <\/p>\t\t\t\t\t\t\t\t<\/div>\n\t\t\t\t<\/div>\n\t\t\t\t<\/div>\n\t\t<div class=\"elementor-element elementor-element-348820c e-con-full e-flex elementor-invisible e-con e-child\" data-id=\"348820c\" data-element_type=\"container\" data-e-type=\"container\" data-settings=\"{&quot;animation&quot;:&quot;fadeInRight&quot;}\">\n\t\t\t\t<div class=\"elementor-element elementor-element-693dff0 elementor-widget elementor-widget-image\" data-id=\"693dff0\" data-element_type=\"widget\" data-e-type=\"widget\" data-widget_type=\"image.default\">\n\t\t\t\t<div class=\"elementor-widget-container\">\n\t\t\t\t\t\t\t\t\t\t\t\t\t\t\t<img loading=\"lazy\" decoding=\"async\" width=\"800\" height=\"533\" src=\"https:\/\/www.camping-laplage.com\/wp-content\/uploads\/2026\/01\/Camping-au-bord-de-la-Dordogne-dans-le-Lot-Camping-La-Plage-a-Meyronne-Les-Jardins-de-Marqueyssac-a-Vezac-3.jpg\" class=\"attachment-large size-large wp-image-5400\" alt=\"\" srcset=\"https:\/\/www.camping-laplage.com\/wp-content\/uploads\/2026\/01\/Camping-au-bord-de-la-Dordogne-dans-le-Lot-Camping-La-Plage-a-Meyronne-Les-Jardins-de-Marqueyssac-a-Vezac-3.jpg 900w, https:\/\/www.camping-laplage.com\/wp-content\/uploads\/2026\/01\/Camping-au-bord-de-la-Dordogne-dans-le-Lot-Camping-La-Plage-a-Meyronne-Les-Jardins-de-Marqueyssac-a-Vezac-3-300x200.jpg 300w, https:\/\/www.camping-laplage.com\/wp-content\/uploads\/2026\/01\/Camping-au-bord-de-la-Dordogne-dans-le-Lot-Camping-La-Plage-a-Meyronne-Les-Jardins-de-Marqueyssac-a-Vezac-3-768x512.jpg 768w\" sizes=\"(max-width: 800px) 100vw, 800px\" \/>\t\t\t\t\t\t\t\t\t\t\t\t\t\t\t<\/div>\n\t\t\t\t<\/div>\n\t\t\t\t<\/div>\n\t\t\t\t<\/div>\n\t\t<div class=\"elementor-element elementor-element-24678c5 e-con-full e-flex e-con e-parent\" data-id=\"24678c5\" data-element_type=\"container\" data-e-type=\"container\" data-settings=\"{&quot;background_background&quot;:&quot;classic&quot;}\">\n\t\t<div class=\"elementor-element elementor-element-42dcdeb e-con-full e-flex elementor-invisible e-con e-child\" data-id=\"42dcdeb\" data-element_type=\"container\" data-e-type=\"container\" data-settings=\"{&quot;animation&quot;:&quot;fadeInLeft&quot;}\">\n\t\t\t\t<div class=\"elementor-element elementor-element-74b587c elementor-widget elementor-widget-image\" data-id=\"74b587c\" data-element_type=\"widget\" data-e-type=\"widget\" data-widget_type=\"image.default\">\n\t\t\t\t<div class=\"elementor-widget-container\">\n\t\t\t\t\t\t\t\t\t\t\t\t\t\t\t<img loading=\"lazy\" decoding=\"async\" width=\"900\" height=\"600\" src=\"https:\/\/www.camping-laplage.com\/wp-content\/uploads\/2026\/01\/Camping-au-bord-de-la-Dordogne-dans-le-Lot-Camping-La-Plage-a-Meyronne-Les-Jardins-de-Marqueyssac-a-Vezac-1.jpg\" class=\"attachment-full size-full wp-image-5402\" alt=\"\" srcset=\"https:\/\/www.camping-laplage.com\/wp-content\/uploads\/2026\/01\/Camping-au-bord-de-la-Dordogne-dans-le-Lot-Camping-La-Plage-a-Meyronne-Les-Jardins-de-Marqueyssac-a-Vezac-1.jpg 900w, https:\/\/www.camping-laplage.com\/wp-content\/uploads\/2026\/01\/Camping-au-bord-de-la-Dordogne-dans-le-Lot-Camping-La-Plage-a-Meyronne-Les-Jardins-de-Marqueyssac-a-Vezac-1-300x200.jpg 300w, https:\/\/www.camping-laplage.com\/wp-content\/uploads\/2026\/01\/Camping-au-bord-de-la-Dordogne-dans-le-Lot-Camping-La-Plage-a-Meyronne-Les-Jardins-de-Marqueyssac-a-Vezac-1-768x512.jpg 768w\" sizes=\"(max-width: 900px) 100vw, 900px\" \/>\t\t\t\t\t\t\t\t\t\t\t\t\t\t\t<\/div>\n\t\t\t\t<\/div>\n\t\t\t\t<\/div>\n\t\t<div class=\"elementor-element elementor-element-15a6b1c e-con-full e-flex elementor-invisible e-con e-child\" data-id=\"15a6b1c\" data-element_type=\"container\" data-e-type=\"container\" data-settings=\"{&quot;animation&quot;:&quot;fadeInRight&quot;}\">\n\t\t\t\t<div class=\"elementor-element elementor-element-cb6c9e5 elementor-widget elementor-widget-heading\" data-id=\"cb6c9e5\" data-element_type=\"widget\" data-e-type=\"widget\" data-widget_type=\"heading.default\">\n\t\t\t\t<div class=\"elementor-widget-container\">\n\t\t\t\t\t<h3 class=\"elementor-heading-title elementor-size-default\">Een culinaire pauze<\/h3>\t\t\t\t<\/div>\n\t\t\t\t<\/div>\n\t\t\t\t<div class=\"elementor-element elementor-element-54c6754 elementor-widget-divider--view-line elementor-widget elementor-widget-divider\" data-id=\"54c6754\" data-element_type=\"widget\" data-e-type=\"widget\" data-widget_type=\"divider.default\">\n\t\t\t\t<div class=\"elementor-widget-container\">\n\t\t\t\t\t\t\t<div class=\"elementor-divider\">\n\t\t\t<span class=\"elementor-divider-separator\">\n\t\t\t\t\t\t<\/span>\n\t\t<\/div>\n\t\t\t\t\t\t<\/div>\n\t\t\t\t<\/div>\n\t\t\t\t<div class=\"elementor-element elementor-element-c53adc4 elementor-widget elementor-widget-text-editor\" data-id=\"c53adc4\" data-element_type=\"widget\" data-e-type=\"widget\" data-widget_type=\"text-editor.default\">\n\t\t\t\t<div class=\"elementor-widget-container\">\n\t\t\t\t\t\t\t\t\t<p>Het <strong data-start=\"3\" data-end=\"30\">restaurant\u2013theesalon<\/strong> van Marqueyssac is een echte aanrader voor een pauze zonder het panorama te verlaten: gevestigd <strong data-start=\"124\" data-end=\"155\">in de noordvleugel van het kasteel<\/strong>, serveert het een lichte en smakelijke keuken (eenvoudige gerechten, gebak, ijs, drankjes) waarvan je kunt genieten op een <strong data-start=\"263\" data-end=\"296\">schaduwrijk panoramisch terras<\/strong>\u2026 of binnen in het kasteel als het weer omslaat.<\/p>\t\t\t\t\t\t\t\t<\/div>\n\t\t\t\t<\/div>\n\t\t\t\t<\/div>\n\t\t\t\t<\/div>\n\t\t<div class=\"elementor-element elementor-element-8b58d99 e-con-full e-flex e-con e-parent\" data-id=\"8b58d99\" data-element_type=\"container\" data-e-type=\"container\" data-settings=\"{&quot;background_background&quot;:&quot;classic&quot;}\">\n\t\t<div class=\"elementor-element elementor-element-b37c556 e-con-full e-flex elementor-invisible e-con e-child\" data-id=\"b37c556\" data-element_type=\"container\" data-e-type=\"container\" data-settings=\"{&quot;animation&quot;:&quot;fadeInLeft&quot;}\">\n\t\t\t\t<div class=\"elementor-element elementor-element-139629b elementor-widget elementor-widget-heading\" data-id=\"139629b\" data-element_type=\"widget\" data-e-type=\"widget\" data-widget_type=\"heading.default\">\n\t\t\t\t<div class=\"elementor-widget-container\">\n\t\t\t\t\t<h3 class=\"elementor-heading-title elementor-size-default\">Praktische diensten voor een zorgeloos bezoek<\/h3>\t\t\t\t<\/div>\n\t\t\t\t<\/div>\n\t\t\t\t<div class=\"elementor-element elementor-element-b1ba46b elementor-widget-divider--view-line elementor-widget elementor-widget-divider\" data-id=\"b1ba46b\" data-element_type=\"widget\" data-e-type=\"widget\" data-widget_type=\"divider.default\">\n\t\t\t\t<div class=\"elementor-widget-container\">\n\t\t\t\t\t\t\t<div class=\"elementor-divider\">\n\t\t\t<span class=\"elementor-divider-separator\">\n\t\t\t\t\t\t<\/span>\n\t\t<\/div>\n\t\t\t\t\t\t<\/div>\n\t\t\t\t<\/div>\n\t\t\t\t<div class=\"elementor-element elementor-element-b03900f elementor-widget elementor-widget-text-editor\" data-id=\"b03900f\" data-element_type=\"widget\" data-e-type=\"widget\" data-widget_type=\"text-editor.default\">\n\t\t\t\t<div class=\"elementor-widget-container\">\n\t\t\t\t\t\t\t\t\t<p data-start=\"59\" data-end=\"92\"><strong data-start=\"59\" data-end=\"90\">Ter plaatse vind je:<\/strong><\/p><ul data-start=\"93\" data-end=\"919\"><li data-start=\"411\" data-end=\"515\"><p data-start=\"413\" data-end=\"515\">Een <strong data-start=\"417\" data-end=\"439\">boekwinkel-boetiek<\/strong> (souvenirs, natuur, cadeau-idee\u00ebn)<\/p><\/li><li data-start=\"516\" data-end=\"689\"><p data-start=\"518\" data-end=\"689\"><strong data-start=\"518\" data-end=\"547\">Twee picknickplaatsen<\/strong> beschikbaar <strong data-start=\"562\" data-end=\"591\">buiten de tuinen<\/strong><\/p><\/li><li data-start=\"690\" data-end=\"808\"><p data-start=\"692\" data-end=\"808\">Een <strong data-start=\"695\" data-end=\"722\">gratis schaduwrijke parkeerplaats<\/strong> (met <strong data-start=\"729\" data-end=\"743\">MIVA-plaatsen<\/strong> en <strong data-start=\"747\" data-end=\"766\">parkeergelegenheid voor bussen<\/strong>)<\/p><\/li><\/ul>\t\t\t\t\t\t\t\t<\/div>\n\t\t\t\t<\/div>\n\t\t\t\t<\/div>\n\t\t<div class=\"elementor-element elementor-element-d65a8a0 e-con-full e-flex elementor-invisible e-con e-child\" data-id=\"d65a8a0\" data-element_type=\"container\" data-e-type=\"container\" data-settings=\"{&quot;animation&quot;:&quot;fadeInLeft&quot;}\">\n\t\t\t\t<div class=\"elementor-element elementor-element-bc4af12 elementor-widget elementor-widget-heading\" data-id=\"bc4af12\" data-element_type=\"widget\" data-e-type=\"widget\" data-widget_type=\"heading.default\">\n\t\t\t\t<div class=\"elementor-widget-container\">\n\t\t\t\t\t<h3 class=\"elementor-heading-title elementor-size-default\">Bereikbaarheid vanaf Camping La Plage in Meyronne<\/h3>\t\t\t\t<\/div>\n\t\t\t\t<\/div>\n\t\t\t\t<div class=\"elementor-element elementor-element-c75cc23 elementor-widget-divider--view-line elementor-widget elementor-widget-divider\" data-id=\"c75cc23\" data-element_type=\"widget\" data-e-type=\"widget\" data-widget_type=\"divider.default\">\n\t\t\t\t<div class=\"elementor-widget-container\">\n\t\t\t\t\t\t\t<div class=\"elementor-divider\">\n\t\t\t<span class=\"elementor-divider-separator\">\n\t\t\t\t\t\t<\/span>\n\t\t<\/div>\n\t\t\t\t\t\t<\/div>\n\t\t\t\t<\/div>\n\t\t\t\t<div class=\"elementor-element elementor-element-7ca7c79 elementor-widget elementor-widget-text-editor\" data-id=\"7ca7c79\" data-element_type=\"widget\" data-e-type=\"widget\" data-widget_type=\"text-editor.default\">\n\t\t\t\t<div class=\"elementor-widget-container\">\n\t\t\t\t\t\t\t\t\t<p data-start=\"971\" data-end=\"1198\"><strong data-start=\"971\" data-end=\"987\">Route:<\/strong><br data-start=\"987\" data-end=\"990\">Vanaf de camping rijd je naar de Dordogne-vallei aan de kant van de P\u00e9rigord Noir, richting <strong data-start=\"1074\" data-end=\"1101\">V\u00e9zac \/ La Roque-Gageac<\/strong>, en volg daarna de borden <strong data-start=\"1128\" data-end=\"1156\">\u201cJardins de Marqueyssac\u201d<\/strong> (reken op <strong data-start=\"1166\" data-end=\"1196\">ongeveer 50 minuten \u2013 45 km<\/strong>).<\/p><p data-start=\"1200\" data-end=\"1221\"><strong data-start=\"1200\" data-end=\"1219\">Toegankelijkheid:<\/strong><\/p><ul data-start=\"1222\" data-end=\"1591\"><li data-start=\"1222\" data-end=\"1294\"><p data-start=\"1224\" data-end=\"1294\"><strong data-start=\"1224\" data-end=\"1243\">Gratis parkeren<\/strong> ter plaatse<\/p><\/li><li data-start=\"1295\" data-end=\"1433\"><p data-start=\"1297\" data-end=\"1433\">Locatie <strong data-start=\"1302\" data-end=\"1330\">gedeeltelijk toegankelijk<\/strong> voor personen met beperkte mobiliteit (hellingen\/paden afhankelijk van de zones)<\/p><\/li><li data-start=\"1434\" data-end=\"1503\"><p data-start=\"1436\" data-end=\"1503\"><strong data-start=\"1436\" data-end=\"1462\">Honden aangelijnd toegestaan<\/strong><\/p><\/li><li data-start=\"1504\" data-end=\"1591\"><p data-start=\"1506\" data-end=\"1591\"><strong data-start=\"1506\" data-end=\"1552\">Laatste toegang: 1 uur voor sluitingstijd<\/strong><\/p><\/li><\/ul>\t\t\t\t\t\t\t\t<\/div>\n\t\t\t\t<\/div>\n\t\t\t\t<\/div>\n\t\t\t\t<\/div>\n\t\t\t\t<\/div>\n\t\t","protected":false},"excerpt":{"rendered":"<p>Op 45 km (ongeveer 50 minuten) van Camping La Plage in Meyronne bieden de hangende tuinen van Marqueyssac een van de mooiste wandelingen van de P\u00e9rigord Noir. Het landgoed, aangelegd op een rotspunt, torent boven de vallei uit vanaf de kalkstenen kliffen en biedt een romantisch decor rondom een kasteel met een dak van leistenen. <\/p>\n","protected":false},"author":1,"featured_media":5398,"comment_status":"open","ping_status":"closed","sticky":false,"template":"","format":"standard","meta":{"footnotes":""},"categories":[88,97,98],"tags":[],"class_list":["post-5397","post","type-post","status-publish","format-standard","has-post-thumbnail","hentry","category-natuur-wandelen","category-om-met-het-gezin-te-doen","category-ontspannen"],"yoast_head":"<!-- This site is optimized with the Yoast SEO plugin v27.3 - https:\/\/yoast.com\/product\/yoast-seo-wordpress\/ -->\n<title>De Tuinen van Marqueyssac in V\u00e9zac - Camping La Plage \u00e0 Meyronne \ud83d\udca6<\/title>\n<meta name=\"description\" content=\"De Tuinen van Marqueyssac in V\u00e9zac, verken de regio op een andere manier met je gezin vlak bij Camping La Plage in Meyronne.\" \/>\n<meta name=\"robots\" content=\"index, follow, max-snippet:-1, max-image-preview:large, max-video-preview:-1\" \/>\n<link rel=\"canonical\" href=\"https:\/\/www.camping-laplage.com\/nl\/de-tuinen-van-marqueyssac-in-vezac\/\" \/>\n<meta property=\"og:locale\" content=\"nl_NL\" \/>\n<meta property=\"og:type\" content=\"article\" \/>\n<meta property=\"og:title\" content=\"De Tuinen van Marqueyssac in V\u00e9zac - Camping La Plage \u00e0 Meyronne \ud83d\udca6\" \/>\n<meta property=\"og:description\" content=\"De Tuinen van Marqueyssac in V\u00e9zac, verken de regio op een andere manier met je gezin vlak bij Camping La Plage in Meyronne.\" \/>\n<meta property=\"og:url\" content=\"https:\/\/www.camping-laplage.com\/nl\/de-tuinen-van-marqueyssac-in-vezac\/\" \/>\n<meta property=\"og:site_name\" content=\"Camping La Plage \u00e0 Meyronne\" \/>\n<meta property=\"article:publisher\" content=\"https:\/\/www.facebook.com\/campinglaplagemeyronne\/\" \/>\n<meta property=\"article:published_time\" content=\"2026-01-01T20:20:07+00:00\" \/>\n<meta property=\"article:modified_time\" content=\"2026-04-28T10:28:39+00:00\" \/>\n<meta property=\"og:image\" content=\"https:\/\/www.camping-laplage.com\/wp-content\/uploads\/2026\/01\/Camping-au-bord-de-la-Dordogne-dans-le-Lot-Camping-La-Plage-a-Meyronne-Les-Jardins-de-Marqueyssac-a-Vezac.jpg\" \/>\n\t<meta property=\"og:image:width\" content=\"2000\" \/>\n\t<meta property=\"og:image:height\" content=\"900\" \/>\n\t<meta property=\"og:image:type\" content=\"image\/jpeg\" \/>\n<meta name=\"author\" content=\"Ema92150@\" \/>\n<meta name=\"twitter:card\" content=\"summary_large_image\" \/>\n<meta name=\"twitter:label1\" content=\"Geschreven door\" \/>\n\t<meta name=\"twitter:data1\" content=\"Ema92150@\" \/>\n\t<meta name=\"twitter:label2\" content=\"Geschatte leestijd\" \/>\n\t<meta name=\"twitter:data2\" content=\"2 minuten\" \/>\n<script type=\"application\/ld+json\" class=\"yoast-schema-graph\">{\"@context\":\"https:\\\/\\\/schema.org\",\"@graph\":[{\"@type\":\"Article\",\"@id\":\"https:\\\/\\\/www.camping-laplage.com\\\/nl\\\/de-tuinen-van-marqueyssac-in-vezac\\\/#article\",\"isPartOf\":{\"@id\":\"https:\\\/\\\/www.camping-laplage.com\\\/nl\\\/de-tuinen-van-marqueyssac-in-vezac\\\/\"},\"author\":{\"name\":\"Ema92150@\",\"@id\":\"https:\\\/\\\/www.camping-laplage.com\\\/nl\\\/#\\\/schema\\\/person\\\/77defc644360c4923de10287f3a4fb58\"},\"headline\":\"De Tuinen van Marqueyssac in V\u00e9zac\",\"datePublished\":\"2026-01-01T20:20:07+00:00\",\"dateModified\":\"2026-04-28T10:28:39+00:00\",\"mainEntityOfPage\":{\"@id\":\"https:\\\/\\\/www.camping-laplage.com\\\/nl\\\/de-tuinen-van-marqueyssac-in-vezac\\\/\"},\"wordCount\":455,\"commentCount\":0,\"publisher\":{\"@id\":\"https:\\\/\\\/www.camping-laplage.com\\\/nl\\\/#organization\"},\"image\":{\"@id\":\"https:\\\/\\\/www.camping-laplage.com\\\/nl\\\/de-tuinen-van-marqueyssac-in-vezac\\\/#primaryimage\"},\"thumbnailUrl\":\"https:\\\/\\\/www.camping-laplage.com\\\/wp-content\\\/uploads\\\/2026\\\/01\\\/Camping-au-bord-de-la-Dordogne-dans-le-Lot-Camping-La-Plage-a-Meyronne-Les-Jardins-de-Marqueyssac-a-Vezac.jpg\",\"articleSection\":[\"Natuur &amp; Wandelen\",\"Om met het gezin te doen\",\"Ontspannen\"],\"inLanguage\":\"nl-NL\",\"potentialAction\":[{\"@type\":\"CommentAction\",\"name\":\"Comment\",\"target\":[\"https:\\\/\\\/www.camping-laplage.com\\\/nl\\\/de-tuinen-van-marqueyssac-in-vezac\\\/#respond\"]}]},{\"@type\":\"WebPage\",\"@id\":\"https:\\\/\\\/www.camping-laplage.com\\\/nl\\\/de-tuinen-van-marqueyssac-in-vezac\\\/\",\"url\":\"https:\\\/\\\/www.camping-laplage.com\\\/nl\\\/de-tuinen-van-marqueyssac-in-vezac\\\/\",\"name\":\"De Tuinen van Marqueyssac in V\u00e9zac - Camping La Plage \u00e0 Meyronne \ud83d\udca6\",\"isPartOf\":{\"@id\":\"https:\\\/\\\/www.camping-laplage.com\\\/nl\\\/#website\"},\"primaryImageOfPage\":{\"@id\":\"https:\\\/\\\/www.camping-laplage.com\\\/nl\\\/de-tuinen-van-marqueyssac-in-vezac\\\/#primaryimage\"},\"image\":{\"@id\":\"https:\\\/\\\/www.camping-laplage.com\\\/nl\\\/de-tuinen-van-marqueyssac-in-vezac\\\/#primaryimage\"},\"thumbnailUrl\":\"https:\\\/\\\/www.camping-laplage.com\\\/wp-content\\\/uploads\\\/2026\\\/01\\\/Camping-au-bord-de-la-Dordogne-dans-le-Lot-Camping-La-Plage-a-Meyronne-Les-Jardins-de-Marqueyssac-a-Vezac.jpg\",\"datePublished\":\"2026-01-01T20:20:07+00:00\",\"dateModified\":\"2026-04-28T10:28:39+00:00\",\"description\":\"De Tuinen van Marqueyssac in V\u00e9zac, verken de regio op een andere manier met je gezin vlak bij Camping La Plage in Meyronne.\",\"breadcrumb\":{\"@id\":\"https:\\\/\\\/www.camping-laplage.com\\\/nl\\\/de-tuinen-van-marqueyssac-in-vezac\\\/#breadcrumb\"},\"inLanguage\":\"nl-NL\",\"potentialAction\":[{\"@type\":\"ReadAction\",\"target\":[\"https:\\\/\\\/www.camping-laplage.com\\\/nl\\\/de-tuinen-van-marqueyssac-in-vezac\\\/\"]}]},{\"@type\":\"ImageObject\",\"inLanguage\":\"nl-NL\",\"@id\":\"https:\\\/\\\/www.camping-laplage.com\\\/nl\\\/de-tuinen-van-marqueyssac-in-vezac\\\/#primaryimage\",\"url\":\"https:\\\/\\\/www.camping-laplage.com\\\/wp-content\\\/uploads\\\/2026\\\/01\\\/Camping-au-bord-de-la-Dordogne-dans-le-Lot-Camping-La-Plage-a-Meyronne-Les-Jardins-de-Marqueyssac-a-Vezac.jpg\",\"contentUrl\":\"https:\\\/\\\/www.camping-laplage.com\\\/wp-content\\\/uploads\\\/2026\\\/01\\\/Camping-au-bord-de-la-Dordogne-dans-le-Lot-Camping-La-Plage-a-Meyronne-Les-Jardins-de-Marqueyssac-a-Vezac.jpg\",\"width\":2000,\"height\":900},{\"@type\":\"BreadcrumbList\",\"@id\":\"https:\\\/\\\/www.camping-laplage.com\\\/nl\\\/de-tuinen-van-marqueyssac-in-vezac\\\/#breadcrumb\",\"itemListElement\":[{\"@type\":\"ListItem\",\"position\":1,\"name\":\"Accueil\",\"item\":\"https:\\\/\\\/www.camping-laplage.com\\\/nl\\\/\"},{\"@type\":\"ListItem\",\"position\":2,\"name\":\"Niet-gecategoriseerd\",\"item\":\"https:\\\/\\\/www.camping-laplage.com\\\/nl\\\/category\\\/niet-gecategoriseerd\\\/\"},{\"@type\":\"ListItem\",\"position\":3,\"name\":\"De Tuinen van Marqueyssac in V\u00e9zac\"}]},{\"@type\":\"WebSite\",\"@id\":\"https:\\\/\\\/www.camping-laplage.com\\\/nl\\\/#website\",\"url\":\"https:\\\/\\\/www.camping-laplage.com\\\/nl\\\/\",\"name\":\"Camping La Plage \u00e0 Meyronne\",\"description\":\"Familles et couples recherchant un camping en Dordogne avec acc\u00e8s direct \u00e0 la rivi\u00e8re pr\u00e8s de Rocamadour pour des vacances nature dans le Lot.\",\"publisher\":{\"@id\":\"https:\\\/\\\/www.camping-laplage.com\\\/nl\\\/#organization\"},\"alternateName\":\"Camping La Plage situ\u00e9 au bord de la Dordogne dans le Lot \u00e0 Meyronne, pr\u00e8s de Rocamadour et du Gouffre de Padirac. Le camping propose des emplacements, des mobil-homes et un acc\u00e8s direct \u00e0 la rivi\u00e8re pour les vacances nature et les activit\u00e9s de plein air dans la Vall\u00e9e de la Dordogne.\",\"potentialAction\":[{\"@type\":\"SearchAction\",\"target\":{\"@type\":\"EntryPoint\",\"urlTemplate\":\"https:\\\/\\\/www.camping-laplage.com\\\/nl\\\/?s={search_term_string}\"},\"query-input\":{\"@type\":\"PropertyValueSpecification\",\"valueRequired\":true,\"valueName\":\"search_term_string\"}}],\"inLanguage\":\"nl-NL\"},{\"@type\":\"Organization\",\"@id\":\"https:\\\/\\\/www.camping-laplage.com\\\/nl\\\/#organization\",\"name\":\"Familles et couples recherchant un camping en Dordogne avec acc\u00e8s direct \u00e0 la rivi\u00e8re pr\u00e8s de Rocamadour pour des vacances nature dans le Lot.\",\"alternateName\":\"Camping La Plage situ\u00e9 au bord de la Dordogne dans le Lot \u00e0 Meyronne, pr\u00e8s de Rocamadour et du Gouffre de Padirac. Le camping propose des emplacements, des mobil-homes et un acc\u00e8s direct \u00e0 la rivi\u00e8re pour les vacances nature et les activit\u00e9s de plein air dans la Vall\u00e9e de la Dordogne.\",\"url\":\"https:\\\/\\\/www.camping-laplage.com\\\/nl\\\/\",\"logo\":{\"@type\":\"ImageObject\",\"inLanguage\":\"nl-NL\",\"@id\":\"https:\\\/\\\/www.camping-laplage.com\\\/nl\\\/#\\\/schema\\\/logo\\\/image\\\/\",\"url\":\"https:\\\/\\\/www.camping-laplage.com\\\/wp-content\\\/uploads\\\/2026\\\/02\\\/Camping-la-Plage-au-bord-de-la-Dordogne-Logo.svg\",\"contentUrl\":\"https:\\\/\\\/www.camping-laplage.com\\\/wp-content\\\/uploads\\\/2026\\\/02\\\/Camping-la-Plage-au-bord-de-la-Dordogne-Logo.svg\",\"width\":1125,\"height\":1124,\"caption\":\"Familles et couples recherchant un camping en Dordogne avec acc\u00e8s direct \u00e0 la rivi\u00e8re pr\u00e8s de Rocamadour pour des vacances nature dans le Lot.\"},\"image\":{\"@id\":\"https:\\\/\\\/www.camping-laplage.com\\\/nl\\\/#\\\/schema\\\/logo\\\/image\\\/\"},\"sameAs\":[\"https:\\\/\\\/www.facebook.com\\\/campinglaplagemeyronne\\\/\"]},{\"@type\":\"Person\",\"@id\":\"https:\\\/\\\/www.camping-laplage.com\\\/nl\\\/#\\\/schema\\\/person\\\/77defc644360c4923de10287f3a4fb58\",\"name\":\"Ema92150@\",\"sameAs\":[\"https:\\\/\\\/camping-laplage.emavista.fr\"]}]}<\/script>\n<!-- \/ Yoast SEO plugin. -->","yoast_head_json":{"title":"De Tuinen van Marqueyssac in V\u00e9zac - Camping La Plage \u00e0 Meyronne \ud83d\udca6","description":"De Tuinen van Marqueyssac in V\u00e9zac, verken de regio op een andere manier met je gezin vlak bij Camping La Plage in Meyronne.","robots":{"index":"index","follow":"follow","max-snippet":"max-snippet:-1","max-image-preview":"max-image-preview:large","max-video-preview":"max-video-preview:-1"},"canonical":"https:\/\/www.camping-laplage.com\/nl\/de-tuinen-van-marqueyssac-in-vezac\/","og_locale":"nl_NL","og_type":"article","og_title":"De Tuinen van Marqueyssac in V\u00e9zac - Camping La Plage \u00e0 Meyronne \ud83d\udca6","og_description":"De Tuinen van Marqueyssac in V\u00e9zac, verken de regio op een andere manier met je gezin vlak bij Camping La Plage in Meyronne.","og_url":"https:\/\/www.camping-laplage.com\/nl\/de-tuinen-van-marqueyssac-in-vezac\/","og_site_name":"Camping La Plage \u00e0 Meyronne","article_publisher":"https:\/\/www.facebook.com\/campinglaplagemeyronne\/","article_published_time":"2026-01-01T20:20:07+00:00","article_modified_time":"2026-04-28T10:28:39+00:00","og_image":[{"width":2000,"height":900,"url":"https:\/\/www.camping-laplage.com\/wp-content\/uploads\/2026\/01\/Camping-au-bord-de-la-Dordogne-dans-le-Lot-Camping-La-Plage-a-Meyronne-Les-Jardins-de-Marqueyssac-a-Vezac.jpg","type":"image\/jpeg"}],"author":"Ema92150@","twitter_card":"summary_large_image","twitter_misc":{"Geschreven door":"Ema92150@","Geschatte leestijd":"2 minuten"},"schema":{"@context":"https:\/\/schema.org","@graph":[{"@type":"Article","@id":"https:\/\/www.camping-laplage.com\/nl\/de-tuinen-van-marqueyssac-in-vezac\/#article","isPartOf":{"@id":"https:\/\/www.camping-laplage.com\/nl\/de-tuinen-van-marqueyssac-in-vezac\/"},"author":{"name":"Ema92150@","@id":"https:\/\/www.camping-laplage.com\/nl\/#\/schema\/person\/77defc644360c4923de10287f3a4fb58"},"headline":"De Tuinen van Marqueyssac in V\u00e9zac","datePublished":"2026-01-01T20:20:07+00:00","dateModified":"2026-04-28T10:28:39+00:00","mainEntityOfPage":{"@id":"https:\/\/www.camping-laplage.com\/nl\/de-tuinen-van-marqueyssac-in-vezac\/"},"wordCount":455,"commentCount":0,"publisher":{"@id":"https:\/\/www.camping-laplage.com\/nl\/#organization"},"image":{"@id":"https:\/\/www.camping-laplage.com\/nl\/de-tuinen-van-marqueyssac-in-vezac\/#primaryimage"},"thumbnailUrl":"https:\/\/www.camping-laplage.com\/wp-content\/uploads\/2026\/01\/Camping-au-bord-de-la-Dordogne-dans-le-Lot-Camping-La-Plage-a-Meyronne-Les-Jardins-de-Marqueyssac-a-Vezac.jpg","articleSection":["Natuur &amp; Wandelen","Om met het gezin te doen","Ontspannen"],"inLanguage":"nl-NL","potentialAction":[{"@type":"CommentAction","name":"Comment","target":["https:\/\/www.camping-laplage.com\/nl\/de-tuinen-van-marqueyssac-in-vezac\/#respond"]}]},{"@type":"WebPage","@id":"https:\/\/www.camping-laplage.com\/nl\/de-tuinen-van-marqueyssac-in-vezac\/","url":"https:\/\/www.camping-laplage.com\/nl\/de-tuinen-van-marqueyssac-in-vezac\/","name":"De Tuinen van Marqueyssac in V\u00e9zac - Camping La Plage \u00e0 Meyronne \ud83d\udca6","isPartOf":{"@id":"https:\/\/www.camping-laplage.com\/nl\/#website"},"primaryImageOfPage":{"@id":"https:\/\/www.camping-laplage.com\/nl\/de-tuinen-van-marqueyssac-in-vezac\/#primaryimage"},"image":{"@id":"https:\/\/www.camping-laplage.com\/nl\/de-tuinen-van-marqueyssac-in-vezac\/#primaryimage"},"thumbnailUrl":"https:\/\/www.camping-laplage.com\/wp-content\/uploads\/2026\/01\/Camping-au-bord-de-la-Dordogne-dans-le-Lot-Camping-La-Plage-a-Meyronne-Les-Jardins-de-Marqueyssac-a-Vezac.jpg","datePublished":"2026-01-01T20:20:07+00:00","dateModified":"2026-04-28T10:28:39+00:00","description":"De Tuinen van Marqueyssac in V\u00e9zac, verken de regio op een andere manier met je gezin vlak bij Camping La Plage in Meyronne.","breadcrumb":{"@id":"https:\/\/www.camping-laplage.com\/nl\/de-tuinen-van-marqueyssac-in-vezac\/#breadcrumb"},"inLanguage":"nl-NL","potentialAction":[{"@type":"ReadAction","target":["https:\/\/www.camping-laplage.com\/nl\/de-tuinen-van-marqueyssac-in-vezac\/"]}]},{"@type":"ImageObject","inLanguage":"nl-NL","@id":"https:\/\/www.camping-laplage.com\/nl\/de-tuinen-van-marqueyssac-in-vezac\/#primaryimage","url":"https:\/\/www.camping-laplage.com\/wp-content\/uploads\/2026\/01\/Camping-au-bord-de-la-Dordogne-dans-le-Lot-Camping-La-Plage-a-Meyronne-Les-Jardins-de-Marqueyssac-a-Vezac.jpg","contentUrl":"https:\/\/www.camping-laplage.com\/wp-content\/uploads\/2026\/01\/Camping-au-bord-de-la-Dordogne-dans-le-Lot-Camping-La-Plage-a-Meyronne-Les-Jardins-de-Marqueyssac-a-Vezac.jpg","width":2000,"height":900},{"@type":"BreadcrumbList","@id":"https:\/\/www.camping-laplage.com\/nl\/de-tuinen-van-marqueyssac-in-vezac\/#breadcrumb","itemListElement":[{"@type":"ListItem","position":1,"name":"Accueil","item":"https:\/\/www.camping-laplage.com\/nl\/"},{"@type":"ListItem","position":2,"name":"Niet-gecategoriseerd","item":"https:\/\/www.camping-laplage.com\/nl\/category\/niet-gecategoriseerd\/"},{"@type":"ListItem","position":3,"name":"De Tuinen van Marqueyssac in V\u00e9zac"}]},{"@type":"WebSite","@id":"https:\/\/www.camping-laplage.com\/nl\/#website","url":"https:\/\/www.camping-laplage.com\/nl\/","name":"Camping La Plage \u00e0 Meyronne","description":"Familles et couples recherchant un camping en Dordogne avec acc\u00e8s direct \u00e0 la rivi\u00e8re pr\u00e8s de Rocamadour pour des vacances nature dans le Lot.","publisher":{"@id":"https:\/\/www.camping-laplage.com\/nl\/#organization"},"alternateName":"Camping La Plage situ\u00e9 au bord de la Dordogne dans le Lot \u00e0 Meyronne, pr\u00e8s de Rocamadour et du Gouffre de Padirac. Le camping propose des emplacements, des mobil-homes et un acc\u00e8s direct \u00e0 la rivi\u00e8re pour les vacances nature et les activit\u00e9s de plein air dans la Vall\u00e9e de la Dordogne.","potentialAction":[{"@type":"SearchAction","target":{"@type":"EntryPoint","urlTemplate":"https:\/\/www.camping-laplage.com\/nl\/?s={search_term_string}"},"query-input":{"@type":"PropertyValueSpecification","valueRequired":true,"valueName":"search_term_string"}}],"inLanguage":"nl-NL"},{"@type":"Organization","@id":"https:\/\/www.camping-laplage.com\/nl\/#organization","name":"Familles et couples recherchant un camping en Dordogne avec acc\u00e8s direct \u00e0 la rivi\u00e8re pr\u00e8s de Rocamadour pour des vacances nature dans le Lot.","alternateName":"Camping La Plage situ\u00e9 au bord de la Dordogne dans le Lot \u00e0 Meyronne, pr\u00e8s de Rocamadour et du Gouffre de Padirac. Le camping propose des emplacements, des mobil-homes et un acc\u00e8s direct \u00e0 la rivi\u00e8re pour les vacances nature et les activit\u00e9s de plein air dans la Vall\u00e9e de la Dordogne.","url":"https:\/\/www.camping-laplage.com\/nl\/","logo":{"@type":"ImageObject","inLanguage":"nl-NL","@id":"https:\/\/www.camping-laplage.com\/nl\/#\/schema\/logo\/image\/","url":"https:\/\/www.camping-laplage.com\/wp-content\/uploads\/2026\/02\/Camping-la-Plage-au-bord-de-la-Dordogne-Logo.svg","contentUrl":"https:\/\/www.camping-laplage.com\/wp-content\/uploads\/2026\/02\/Camping-la-Plage-au-bord-de-la-Dordogne-Logo.svg","width":1125,"height":1124,"caption":"Familles et couples recherchant un camping en Dordogne avec acc\u00e8s direct \u00e0 la rivi\u00e8re pr\u00e8s de Rocamadour pour des vacances nature dans le Lot."},"image":{"@id":"https:\/\/www.camping-laplage.com\/nl\/#\/schema\/logo\/image\/"},"sameAs":["https:\/\/www.facebook.com\/campinglaplagemeyronne\/"]},{"@type":"Person","@id":"https:\/\/www.camping-laplage.com\/nl\/#\/schema\/person\/77defc644360c4923de10287f3a4fb58","name":"Ema92150@","sameAs":["https:\/\/camping-laplage.emavista.fr"]}]}},"_links":{"self":[{"href":"https:\/\/www.camping-laplage.com\/nl\/wp-json\/wp\/v2\/posts\/5397","targetHints":{"allow":["GET"]}}],"collection":[{"href":"https:\/\/www.camping-laplage.com\/nl\/wp-json\/wp\/v2\/posts"}],"about":[{"href":"https:\/\/www.camping-laplage.com\/nl\/wp-json\/wp\/v2\/types\/post"}],"author":[{"embeddable":true,"href":"https:\/\/www.camping-laplage.com\/nl\/wp-json\/wp\/v2\/users\/1"}],"replies":[{"embeddable":true,"href":"https:\/\/www.camping-laplage.com\/nl\/wp-json\/wp\/v2\/comments?post=5397"}],"version-history":[{"count":1,"href":"https:\/\/www.camping-laplage.com\/nl\/wp-json\/wp\/v2\/posts\/5397\/revisions"}],"predecessor-version":[{"id":5403,"href":"https:\/\/www.camping-laplage.com\/nl\/wp-json\/wp\/v2\/posts\/5397\/revisions\/5403"}],"wp:featuredmedia":[{"embeddable":true,"href":"https:\/\/www.camping-laplage.com\/nl\/wp-json\/wp\/v2\/media\/5398"}],"wp:attachment":[{"href":"https:\/\/www.camping-laplage.com\/nl\/wp-json\/wp\/v2\/media?parent=5397"}],"wp:term":[{"taxonomy":"category","embeddable":true,"href":"https:\/\/www.camping-laplage.com\/nl\/wp-json\/wp\/v2\/categories?post=5397"},{"taxonomy":"post_tag","embeddable":true,"href":"https:\/\/www.camping-laplage.com\/nl\/wp-json\/wp\/v2\/tags?post=5397"}],"curies":[{"name":"wp","href":"https:\/\/api.w.org\/{rel}","templated":true}]}}